{"id":4823,"date":"2026-03-13T08:00:21","date_gmt":"2026-03-13T08:00:21","guid":{"rendered":"https:\/\/rosamolinapsiquiatra.com\/?p=4823"},"modified":"2026-03-13T10:08:12","modified_gmt":"2026-03-13T10:08:12","slug":"ansiedad-por-la-comida-causas-y-soluciones-desde-la-psiquiatria-2","status":"publish","type":"post","link":"https:\/\/rosamolinapsiquiatra.com\/en\/ansiedad-por-la-comida-causas-y-soluciones-desde-la-psiquiatria-2","title":{"rendered":"Ansiedad por la comida: Causas y soluciones desde la psiquiatr\u00eda"},"content":{"rendered":"\t\t<div data-elementor-type=\"wp-post\" data-elementor-id=\"4823\" class=\"elementor elementor-4823\" data-elementor-post-type=\"post\">\n\t\t\t\t<div class=\"elementor-element elementor-element-324dc07 e-flex e-con-boxed wpr-particle-no wpr-jarallax-no wpr-parallax-no wpr-sticky-section-no wpr-equal-height-no elementor-invisible e-con e-parent\" data-id=\"324dc07\" data-element_type=\"container\" data-e-type=\"container\" data-settings=\"{&quot;animation&quot;:&quot;slideInUp&quot;}\">\n\t\t\t\t\t<div class=\"e-con-inner\">\n\t\t\t\t<div class=\"elementor-element elementor-element-03e5ed2 elementor-widget elementor-widget-html\" data-id=\"03e5ed2\" data-element_type=\"widget\" data-e-type=\"widget\" data-widget_type=\"html.default\">\n\t\t\t\t\t<!DOCTYPE html>\r\n<html lang=\"es\">\r\n<head>\r\n    <meta charset=\"UTF-8\">\r\n    <meta name=\"viewport\" content=\"width=device-width, initial-scale=1.0\">\r\n    <title>Art\u00edculo: Ansiedad por la Comida<\/title>\r\n    <!-- Google Fonts: Estilo Peri\u00f3dico Moderno -->\r\n    <link href=\"https:\/\/fonts.googleapis.com\/css2?family=Playfair+Display:ital,wght@0,700;1,400&family=Inter:wght@300;400;600&family=Lora:ital,wght@0,400;1,400&display=swap\" rel=\"stylesheet\">\r\n    <script src=\"https:\/\/cdn.tailwindcss.com\"><\/script>\r\n    <style>\r\n        :root {\r\n            --color-primario: #1a1a1a;\r\n            --color-acento: #c5a386;\r\n            --color-fondo: #ffffff;\r\n            --color-texto: #333333;\r\n            --color-borde: #e5e5e5;\r\n        }\r\n\r\n        body {\r\n            background-color: var(--color-fondo);\r\n            color: var(--color-texto);\r\n            font-family: 'Inter', sans-serif;\r\n            line-height: 1.8;\r\n        }\r\n\r\n        .periodico-header {\r\n            border-bottom: 1px solid var(--color-borde);\r\n            margin-bottom: 3.5rem;\r\n        }\r\n\r\n        .titulo-editorial {\r\n            font-family: 'Playfair Display', serif;\r\n            font-size: clamp(2.2rem, 5vw, 3.8rem);\r\n            line-height: 1.1;\r\n            color: var(--color-primario);\r\n            font-weight: 700;\r\n            letter-spacing: -0.02em;\r\n        }\r\n\r\n        .texto-justificado {\r\n            text-align: justify;\r\n            hyphens: auto;\r\n        }\r\n\r\n        .letra-capital::first-letter {\r\n            font-family: 'Playfair Display', serif;\r\n            float: left;\r\n            font-size: 5rem;\r\n            line-height: 0.7;\r\n            padding-right: 14px;\r\n            padding-top: 10px;\r\n            color: var(--color-acento);\r\n            font-weight: bold;\r\n        }\r\n\r\n        .cita-destacada {\r\n            font-family: 'Lora', serif;\r\n            border-top: 1px solid var(--color-acento);\r\n            border-bottom: 1px solid var(--color-acento);\r\n            padding: 2rem 0;\r\n            margin: 3rem 0;\r\n            font-style: italic;\r\n            font-size: 1.4rem;\r\n            color: var(--color-primario);\r\n            text-align: center;\r\n            line-height: 1.5;\r\n        }\r\n\r\n        .meta-info {\r\n            font-family: 'Inter', sans-serif;\r\n            text-transform: uppercase;\r\n            letter-spacing: 3px;\r\n            font-size: 0.7rem;\r\n            font-weight: 700;\r\n            color: var(--color-acento);\r\n        }\r\n\r\n        .contenedor-lectura {\r\n            max-width: 760px; \r\n            margin: 0 auto;\r\n        }\r\n\r\n        .divisor {\r\n            width: 60px;\r\n            height: 2px;\r\n            background-color: var(--color-acento);\r\n            margin: 2.5rem auto;\r\n        }\r\n\r\n        strong {\r\n            color: var(--color-primario);\r\n            font-weight: 600;\r\n        }\r\n\r\n        em {\r\n            color: var(--color-acento);\r\n            font-style: italic;\r\n        }\r\n    <\/style>\r\n<\/head>\r\n<body class=\"p-6 md:p-16\">\r\n\r\n    <article class=\"contenedor-lectura\">\r\n        \r\n        <!-- Cabecera de Estilo Editorial -->\r\n        <header class=\"periodico-header pb-10\">\r\n            <div class=\"meta-info mb-6\">Salud Mental \u2022 Divulgaci\u00f3n M\u00e9dica<\/div>\r\n            <h1 class=\"titulo-editorial mb-8\">\r\n                M\u00e1s all\u00e1 de la despensa: Entendiendo la ansiedad por la comida\r\n            <\/h1>\r\n            \r\n            <div class=\"flex items-center gap-5 text-sm\">\r\n                <div class=\"w-14 h-14 rounded-full bg-gray-100 overflow-hidden border border-gray-100\">\r\n                    <img decoding=\"async\" src=\"https:\/\/rosamolinapsiquiatra.com\/wp-content\/uploads\/2026\/03\/rosa.-m.png\" \r\n                         alt=\"Dra. Rosa Molina\" \r\n                         onerror=\"this.src='https:\/\/api.dicebear.com\/7.x\/avataaars\/svg?seed=Rosa'\"\r\n                         class=\"w-full h-full object-cover\">\r\n                <\/div>\r\n                <div>\r\n                    <p class=\"font-bold text-gray-900 text-base\">Dra. Rosa Molina<\/p>\r\n                    <p class=\"text-gray-500 uppercase tracking-widest text-[10px]\">Psiquiatra \u2022 Autora \u2022 Divulgadora<\/p>\r\n                <\/div>\r\n            <\/div>\r\n        <\/header>\r\n\r\n        <!-- Cuerpo del Art\u00edculo Actualizado -->\r\n        <section class=\"cuerpo-articulo text-lg texto-justificado\">\r\n            \r\n            <p class=\"letra-capital mb-6\">\r\n                Es martes por la noche. Has tenido un d\u00eda agotador en el trabajo. Llegas a casa, cenas lo que hab\u00edas planeado y te sientas en el sof\u00e1. De repente, sientes algo en el pecho, una inquietud que no sabes nombrar, y tus pies te llevan autom\u00e1ticamente a la cocina. No tienes hambre f\u00edsica (tu est\u00f3mago est\u00e1 saciado), pero sientes una <strong>urgencia incontrolable<\/strong> de comer algo dulce, crujiente o salado. Lo comes r\u00e1pido, casi sin saborear, y al terminar, la inquietud se transforma en culpa.\r\n            <\/p>\r\n\r\n            <p class=\"mb-6\">\r\n                Si esta escena te resulta familiar, no est\u00e1s solo\/a. Lo que acabas de experimentar se llama popularmente <em>ansiedad por la comida<\/em>, aunque en psiquiatr\u00eda y psicolog\u00eda solemos referirnos a ello como <strong>hambre emocional<\/strong> o ingesta emocional.\r\n            <\/p>\r\n\r\n            <div class=\"cita-destacada\">\r\n                \"La ansiedad por la comida no es un fallo o una debilidad, es un mecanismo de regulaci\u00f3n emocional desajustado.\"\r\n            <\/div>\r\n\r\n            <p class=\"mb-6\">\r\n                En mi consulta veo con frecuencia c\u00f3mo muchas personas libran una batalla silenciosa contra su propia despensa. A menudo llegan pensando que su problema es la \"falta de fuerza de voluntad\". Pero empecemos por desmontar este mito: esta conducta es una respuesta de nuestro sistema ante el malestar.\r\n            <\/p>\r\n\r\n            <p class=\"mb-6 text-center italic text-[var(--color-acento)]\">\r\n                En este art\u00edculo vamos a profundizar en qu\u00e9 ocurre en tu cerebro cuando buscas consuelo en la nevera y c\u00f3mo impacta en tu rendimiento cognitivo.\r\n            <\/p>\r\n\r\n            <div class=\"divisor\"><\/div>\r\n\r\n        <\/section>\r\n\r\n    <\/article>\r\n\r\n<\/body>\r\n<\/html>\t\t\t\t<\/div>\n\t\t\t\t\t<\/div>\n\t\t\t\t<\/div>\n\t\t<div class=\"elementor-element elementor-element-f3f7407 animated-slow e-flex e-con-boxed wpr-particle-no wpr-jarallax-no wpr-parallax-no wpr-sticky-section-no wpr-equal-height-no elementor-invisible e-con e-parent\" data-id=\"f3f7407\" data-element_type=\"container\" data-e-type=\"container\" data-settings=\"{&quot;animation&quot;:&quot;fadeIn&quot;}\">\n\t\t\t\t\t<div class=\"e-con-inner\">\n\t\t\t\t<div class=\"elementor-element elementor-element-2e763e9 elementor-widget elementor-widget-html\" data-id=\"2e763e9\" data-element_type=\"widget\" data-e-type=\"widget\" data-widget_type=\"html.default\">\n\t\t\t\t\t<!DOCTYPE html>\r\n<html lang=\"es\">\r\n<head>\r\n    <meta charset=\"UTF-8\">\r\n    <meta name=\"viewport\" content=\"width=device-width, initial-scale=1.0\">\r\n    <title>Apartado: Hambre F\u00edsica vs Emocional<\/title>\r\n    <!-- Google Fonts: Estilo Peri\u00f3dico Moderno -->\r\n    <link href=\"https:\/\/fonts.googleapis.com\/css2?family=Playfair+Display:ital,wght@0,700;1,400&family=Inter:wght@300;400;600&family=Lora:ital,wght@0,400;1,400&display=swap\" rel=\"stylesheet\">\r\n    <script src=\"https:\/\/cdn.tailwindcss.com\"><\/script>\r\n    <style>\r\n        :root {\r\n            --color-primario: #1a1a1a;\r\n            --color-acento: #c5a386;\r\n            --color-fondo: #ffffff;\r\n            --color-texto: #333333;\r\n            --color-borde: #e5e5e5;\r\n        }\r\n\r\n        body {\r\n            background-color: var(--color-fondo);\r\n            color: var(--color-texto);\r\n            font-family: 'Inter', sans-serif;\r\n            line-height: 1.8;\r\n        }\r\n\r\n        .contenedor-lectura {\r\n            max-width: 760px;\r\n            margin: 0 auto;\r\n        }\r\n\r\n        .texto-justificado {\r\n            text-align: justify;\r\n            hyphens: auto;\r\n        }\r\n\r\n        h2 {\r\n            font-family: 'Playfair Display', serif;\r\n            font-size: 2.2rem;\r\n            color: var(--color-primario);\r\n            line-height: 1.2;\r\n            margin-bottom: 1.5rem;\r\n            font-weight: 700;\r\n        }\r\n\r\n        \/* Cuadro de Cita \/ Recuadro destacado para el H3 *\/\r\n        .cuadro-destacado {\r\n            background-color: #f9f7f4;\r\n            border-left: 3px solid var(--color-acento);\r\n            padding: 2.5rem;\r\n            margin: 3rem 0;\r\n        }\r\n\r\n        .cuadro-destacado h3 {\r\n            font-family: 'Playfair Display', serif;\r\n            font-size: 1.6rem;\r\n            color: var(--color-acento);\r\n            margin-bottom: 1rem;\r\n            font-style: italic;\r\n        }\r\n\r\n        .cuadro-destacado p {\r\n            font-size: 1.1rem;\r\n            color: #444;\r\n            line-height: 1.7;\r\n        }\r\n\r\n        strong {\r\n            color: var(--color-primario);\r\n            font-weight: 600;\r\n        }\r\n\r\n        .enfasis-acento {\r\n            color: var(--color-acento);\r\n            font-weight: 600;\r\n        }\r\n    <\/style>\r\n<\/head>\r\n<body class=\"p-6 md:p-16\">\r\n\r\n    <article class=\"contenedor-lectura\">\r\n        \r\n        <section class=\"texto-justificado\">\r\n            <h2>\u00bfQu\u00e9 es la ansiedad por la comida? Diferenciando hambre f\u00edsica y emocional<\/h2>\r\n            \r\n            <p class=\"mb-6\">\r\n                Para abordar la ansiedad por la comida, primero debemos entender la diferencia entre la <strong>necesidad fisiol\u00f3gica<\/strong> de nutrientes y la <strong>necesidad psicol\u00f3gica<\/strong> de alivio. \r\n            <\/p>\r\n\r\n            <p class=\"mb-6\">\r\n                El <span class=\"enfasis-acento\">hambre f\u00edsica<\/span> aparece de forma gradual, se siente en el est\u00f3mago y se satisface con cualquier alimento (una manzana te vale). El <span class=\"enfasis-acento\">hambre emocional<\/span>, en cambio, aparece de golpe, es espec\u00edfica (necesitas chocolate ahora), se siente en la garganta o en la mente y, tras la ingesta, genera culpa en lugar de saciedad.\r\n            <\/p>\r\n\r\n            <!-- Apartado H3 maquetado como Cuadro de Cita \/ Destacado -->\r\n            <aside class=\"cuadro-destacado\">\r\n                <h3>La neurociencia del \"antojo\"<\/h3>\r\n                <p>\r\n                    Desde la neuropsiquiatr\u00eda, sabemos que la ansiedad por la comida est\u00e1 \u00edntimamente ligada al <strong>sistema de recompensa cerebral<\/strong>. Cuando comemos alimentos hiperpalatables (ricos en az\u00facar y grasa), nuestro cerebro libera dopamina en el <em>N\u00facleo Accumbens<\/em>. \r\n                <\/p>\r\n                <p class=\"mt-4\">\r\n                    Como explican expertos en neurociencia del comportamiento, como la <strong>Dra. Nora Volkow<\/strong>, estos alimentos activan circuitos similares a los de ciertas sustancias adictivas. Si tu cerebro aprende que \"comer galletas = alivio inmediato del estr\u00e9s\", grabar\u00e1 esa ruta neuronal a fuego. \r\n                <\/p>\r\n                <p class=\"mt-4 italic text-gray-600\">\r\n                    La pr\u00f3xima vez que sientas ansiedad, tu cerebro no te pedir\u00e1 meditar, te pedir\u00e1 az\u00facar. Es una b\u00fasqueda qu\u00edmica de bienestar.\r\n                <\/p>\r\n            <\/aside>\r\n\r\n        <\/section>\r\n\r\n    <\/article>\r\n\r\n<\/body>\r\n<\/html>\t\t\t\t<\/div>\n\t\t\t\t<div class=\"elementor-element elementor-element-8c65215 elementor-widget elementor-widget-html\" data-id=\"8c65215\" data-element_type=\"widget\" data-e-type=\"widget\" data-widget_type=\"html.default\">\n\t\t\t\t\t<!DOCTYPE html>\r\n<html lang=\"es\">\r\n<head>\r\n    <meta charset=\"UTF-8\">\r\n    <meta name=\"viewport\" content=\"width=device-width, initial-scale=1.0\">\r\n    <title>Apartado: Hambre F\u00edsica vs Emocional<\/title>\r\n    <!-- Google Fonts: Estilo Peri\u00f3dico Moderno -->\r\n    <link href=\"https:\/\/fonts.googleapis.com\/css2?family=Playfair+Display:ital,wght@0,700;1,400&family=Inter:wght@300;400;600&family=Lora:ital,wght@0,400;1,400&display=swap\" rel=\"stylesheet\">\r\n    <script src=\"https:\/\/cdn.tailwindcss.com\"><\/script>\r\n    <style>\r\n        :root {\r\n            --color-primario: #1a1a1a;\r\n            --color-acento: #c5a386;\r\n            --color-fondo: #ffffff;\r\n            --color-texto: #333333;\r\n            --color-borde: #e5e5e5;\r\n        }\r\n\r\n        body {\r\n            background-color: var(--color-fondo);\r\n            color: var(--color-texto);\r\n            font-family: 'Inter', sans-serif;\r\n            line-height: 1.8;\r\n        }\r\n\r\n        .contenedor-lectura {\r\n            max-width: 760px;\r\n            margin: 0 auto;\r\n        }\r\n\r\n        .texto-justificado {\r\n            text-align: justify;\r\n            hyphens: auto;\r\n        }\r\n\r\n        h2 {\r\n            font-family: 'Playfair Display', serif;\r\n            font-size: 2.2rem;\r\n            color: var(--color-primario);\r\n            line-height: 1.2;\r\n            margin-bottom: 1.5rem;\r\n            font-weight: 700;\r\n        }\r\n\r\n        \/* Banner de Opini\u00f3n de la Dra. Rosa Molina *\/\r\n        .banner-opinion {\r\n            background-color: #f9f7f4;\r\n            border-top: 1px solid var(--color-borde);\r\n            border-bottom: 1px solid var(--color-borde);\r\n            padding: 1.5rem;\r\n            margin: 2.5rem 0;\r\n            display: flex;\r\n            align-items: flex-start;\r\n            gap: 1.2rem;\r\n            position: relative;\r\n        }\r\n\r\n        \/* Aseguramos el redondeo del icono con propiedades extra para WordPress *\/\r\n        .banner-opinion-icon {\r\n            width: 60px !important;\r\n            height: 60px !important;\r\n            min-width: 60px !important;\r\n            min-height: 60px !important;\r\n            border-radius: 50% !important; \/* Forzado absoluto *\/\r\n            border: 2px solid var(--color-acento);\r\n            flex-shrink: 0;\r\n            object-fit: cover !important; \/* Evita deformaci\u00f3n *\/\r\n            overflow: hidden !important;\r\n            display: block !important;\r\n        }\r\n\r\n        .banner-opinion-content h3 {\r\n            font-family: 'Playfair Display', serif;\r\n            font-size: 1.2rem;\r\n            color: var(--color-acento);\r\n            margin-bottom: 0.4rem;\r\n            font-style: italic;\r\n            font-weight: 700;\r\n        }\r\n\r\n        .banner-opinion-content p {\r\n            font-size: 0.95rem;\r\n            color: #444;\r\n            line-height: 1.6;\r\n        }\r\n\r\n        .banner-opinion-content .quote-footer {\r\n            margin-top: 0.5rem;\r\n            font-size: 0.85rem;\r\n            font-weight: 600;\r\n            color: var(--color-primario);\r\n            text-transform: uppercase;\r\n            letter-spacing: 1px;\r\n        }\r\n\r\n        strong {\r\n            color: var(--color-primario);\r\n            font-weight: 600;\r\n        }\r\n\r\n        .enfasis-acento {\r\n            color: var(--color-acento);\r\n            font-weight: 600;\r\n        }\r\n    <\/style>\r\n<\/head>\r\n<body class=\"p-6 md:p-16\">\r\n\r\n    <article class=\"contenedor-lectura\">\r\n        \r\n        <section class=\"texto-justificado\">\r\n            <h2>\u00bfQu\u00e9 es la ansiedad por la comida? Diferenciando hambre f\u00edsica y emocional<\/h2>\r\n            \r\n            <p class=\"mb-6\">\r\n                Para abordar la ansiedad por la comida, primero debemos entender la diferencia entre la <strong>necesidad fisiol\u00f3gica<\/strong> de nutrientes y la <strong>necesidad psicol\u00f3gica<\/strong> de alivio. \r\n            <\/p>\r\n\r\n            <p class=\"mb-6\">\r\n                El <span class=\"enfasis-acento\">hambre f\u00edsica<\/span> aparece de forma gradual, se siente en el est\u00f3mago y se satisface con cualquier alimento (una manzana te vale). El <span class=\"enfasis-acento\">hambre emocional<\/span>, en cambio, aparece de golpe, es espec\u00edfica (necesitas chocolate ahora), se siente en la garganta o en la mente y, tras la ingesta, genera culpa en lugar de saciedad.\r\n            <\/p>\r\n\r\n            <!-- Banner de Opini\u00f3n \/ C\u00e1psula Neurocient\u00edfica -->\r\n            <aside class=\"banner-opinion\">\r\n                <img decoding=\"async\" src=\"https:\/\/rosamolinapsiquiatra.com\/wp-content\/uploads\/2026\/03\/rosa.-m.png\" \r\n                     alt=\"Dra. Rosa Molina\" \r\n                     onerror=\"this.src='https:\/\/api.dicebear.com\/7.x\/avataaars\/svg?seed=Rosa'\"\r\n                     class=\"banner-opinion-icon\">\r\n                <div class=\"banner-opinion-content\">\r\n                    <h3>Neurociencia del antojo<\/h3>\r\n                    <p>\r\n                        Alimentos hiperpalatables liberan dopamina en el <em>N\u00facleo Accumbens<\/em>, activando circuitos similares a las adicciones. Si tu cerebro aprende que comer alivia el estr\u00e9s, grabar\u00e1 esa ruta: no te pedir\u00e1 meditar, te pedir\u00e1 az\u00facar.\r\n                    <\/p>\r\n                    <div class=\"quote-footer\">\u2014 Dra. Rosa Molina<\/div>\r\n                <\/div>\r\n            <\/aside>\r\n\r\n            <p class=\"mb-6\">\r\n                Entender este proceso biol\u00f3gico es el primer paso para dejar de culpar a nuestra \"falta de voluntad\" y empezar a trabajar en nuestra <strong>regulaci\u00f3n emocional<\/strong>.\r\n            <\/p>\r\n\r\n        <\/section>\r\n\r\n    <\/article>\r\n\r\n<\/body>\r\n<\/html>\t\t\t\t<\/div>\n\t\t\t\t\t<\/div>\n\t\t\t\t<\/div>\n\t\t<div class=\"elementor-element elementor-element-3b2c191 e-flex e-con-boxed wpr-particle-no wpr-jarallax-no wpr-parallax-no wpr-sticky-section-no wpr-equal-height-no e-con e-parent\" data-id=\"3b2c191\" data-element_type=\"container\" data-e-type=\"container\">\n\t\t\t\t\t<div class=\"e-con-inner\">\n\t\t\t\t<div class=\"elementor-element elementor-element-6902b4c elementor-widget elementor-widget-image\" data-id=\"6902b4c\" data-element_type=\"widget\" data-e-type=\"widget\" data-widget_type=\"image.default\">\n\t\t\t\t\t\t\t\t\t\t\t\t\t\t\t<img fetchpriority=\"high\" decoding=\"async\" width=\"768\" height=\"625\" src=\"https:\/\/rosamolinapsiquiatra.com\/wp-content\/uploads\/2026\/03\/pexels-photo-4129134-4129134-768x625.jpg\" class=\"attachment-medium_large size-medium_large wp-image-4833\" alt=\"ansiedad por la comida\" srcset=\"https:\/\/rosamolinapsiquiatra.com\/wp-content\/uploads\/2026\/03\/pexels-photo-4129134-4129134-768x625.jpg 768w, https:\/\/rosamolinapsiquiatra.com\/wp-content\/uploads\/2026\/03\/pexels-photo-4129134-4129134-300x244.jpg 300w, https:\/\/rosamolinapsiquiatra.com\/wp-content\/uploads\/2026\/03\/pexels-photo-4129134-4129134-1024x834.jpg 1024w, https:\/\/rosamolinapsiquiatra.com\/wp-content\/uploads\/2026\/03\/pexels-photo-4129134-4129134-1536x1251.jpg 1536w, https:\/\/rosamolinapsiquiatra.com\/wp-content\/uploads\/2026\/03\/pexels-photo-4129134-4129134-2048x1668.jpg 2048w, https:\/\/rosamolinapsiquiatra.com\/wp-content\/uploads\/2026\/03\/pexels-photo-4129134-4129134-15x12.jpg 15w, https:\/\/rosamolinapsiquiatra.com\/wp-content\/uploads\/2026\/03\/pexels-photo-4129134-4129134-500x407.jpg 500w, https:\/\/rosamolinapsiquiatra.com\/wp-content\/uploads\/2026\/03\/pexels-photo-4129134-4129134-800x651.jpg 800w\" sizes=\"(max-width: 768px) 100vw, 768px\" \/>\t\t\t\t\t\t\t\t\t\t\t\t\t\t\t<\/div>\n\t\t\t\t\t<\/div>\n\t\t\t\t<\/div>\n\t\t<div class=\"elementor-element elementor-element-e160d0a animated-slow e-flex e-con-boxed wpr-particle-no wpr-jarallax-no wpr-parallax-no wpr-sticky-section-no wpr-equal-height-no elementor-invisible e-con e-parent\" data-id=\"e160d0a\" data-element_type=\"container\" data-e-type=\"container\" data-settings=\"{&quot;animation&quot;:&quot;fadeInLeft&quot;}\">\n\t\t\t\t\t<div class=\"e-con-inner\">\n\t\t\t\t<div class=\"elementor-element elementor-element-1d3d4a6 elementor-widget elementor-widget-html\" data-id=\"1d3d4a6\" data-element_type=\"widget\" data-e-type=\"widget\" data-widget_type=\"html.default\">\n\t\t\t\t\t<!DOCTYPE html>\r\n<html lang=\"es\">\r\n<head>\r\n    <meta charset=\"UTF-8\">\r\n    <meta name=\"viewport\" content=\"width=device-width, initial-scale=1.0\">\r\n    <title>Apartado: La Neurociencia del Antojo<\/title>\r\n    <!-- Google Fonts: Estilo Peri\u00f3dico Moderno -->\r\n    <link href=\"https:\/\/fonts.googleapis.com\/css2?family=Playfair+Display:ital,wght@0,700;1,400&family=Inter:wght@300;400;600&family=Lora:ital,wght@0,400;1,400&display=swap\" rel=\"stylesheet\">\r\n    <script src=\"https:\/\/cdn.tailwindcss.com\"><\/script>\r\n    <style>\r\n        :root {\r\n            --color-primario: #1a1a1a;\r\n            --color-acento: #c5a386;\r\n            --color-fondo: #ffffff;\r\n            --color-texto: #333333;\r\n            --color-borde: #e5e5e5;\r\n        }\r\n\r\n        body {\r\n            background-color: var(--color-fondo);\r\n            color: var(--color-texto);\r\n            font-family: 'Inter', sans-serif;\r\n            line-height: 1.8;\r\n        }\r\n\r\n        .contenedor-lectura {\r\n            max-width: 760px;\r\n            margin: 0 auto;\r\n        }\r\n\r\n        .texto-justificado {\r\n            text-align: justify;\r\n            hyphens: auto;\r\n        }\r\n\r\n        h2 {\r\n            font-family: 'Playfair Display', serif;\r\n            font-size: 2.2rem;\r\n            color: var(--color-primario);\r\n            line-height: 1.2;\r\n            margin-bottom: 1.5rem;\r\n            font-weight: 700;\r\n        }\r\n\r\n        \/* Banner de Opini\u00f3n de la Dra. Rosa Molina *\/\r\n        .banner-opinion {\r\n            background-color: #f9f7f4;\r\n            border-top: 1px solid var(--color-borde);\r\n            border-bottom: 1px solid var(--color-borde);\r\n            padding: 1.5rem;\r\n            margin: 2.5rem 0;\r\n            display: flex;\r\n            align-items: flex-start;\r\n            gap: 1.2rem;\r\n            position: relative;\r\n        }\r\n\r\n        \/* Aseguramos el redondeo del icono con propiedades extra para WordPress *\/\r\n        .banner-opinion-icon {\r\n            width: 60px !important;\r\n            height: 60px !important;\r\n            min-width: 60px !important;\r\n            min-height: 60px !important;\r\n            border-radius: 50% !important;\r\n            border: 2px solid var(--color-acento);\r\n            flex-shrink: 0;\r\n            object-fit: cover !important;\r\n            overflow: hidden !important;\r\n            display: block !important;\r\n        }\r\n\r\n        .banner-opinion-content h3 {\r\n            font-family: 'Playfair Display', serif;\r\n            font-size: 1.2rem;\r\n            color: var(--color-acento);\r\n            margin-bottom: 0.4rem;\r\n            font-style: italic;\r\n            font-weight: 700;\r\n        }\r\n\r\n        .banner-opinion-content p {\r\n            font-size: 0.95rem;\r\n            color: #444;\r\n            line-height: 1.6;\r\n        }\r\n\r\n        .banner-opinion-content .quote-footer {\r\n            margin-top: 0.5rem;\r\n            font-size: 0.85rem;\r\n            font-weight: 600;\r\n            color: var(--color-primario);\r\n            text-transform: uppercase;\r\n            letter-spacing: 1px;\r\n        }\r\n\r\n        strong {\r\n            color: var(--color-primario);\r\n            font-weight: 600;\r\n        }\r\n\r\n        .divisor {\r\n            width: 60px;\r\n            height: 2px;\r\n            background-color: var(--color-acento);\r\n            margin: 2.5rem auto;\r\n        }\r\n    <\/style>\r\n<\/head>\r\n<body class=\"p-6 md:p-16\">\r\n\r\n    <article class=\"contenedor-lectura\">\r\n        \r\n        <section class=\"texto-justificado\">\r\n            <h2>La neurociencia del \"antojo\"<\/h2>\r\n            \r\n            <p class=\"mb-6\">\r\n                Hoy sabemos que la ansiedad por la comida est\u00e1 \u00edntimamente ligada al <strong>sistema de recompensa cerebral<\/strong>. Cuando comemos alimentos hiperpalatables (ricos en az\u00facar y grasa), nuestro cerebro libera dopamina en el <em>N\u00facleo Accumbens<\/em>.\r\n            <\/p>\r\n\r\n            <!-- Banner de Opini\u00f3n \/ C\u00e1psula de Rosa Molina -->\r\n            <aside class=\"banner-opinion\">\r\n                <img decoding=\"async\" src=\"https:\/\/rosamolinapsiquiatra.com\/wp-content\/uploads\/2026\/03\/rosa.-m.png\" \r\n                     alt=\"Dra. Rosa Molina\" \r\n                     onerror=\"this.src='https:\/\/api.dicebear.com\/7.x\/avataaars\/svg?seed=Rosa'\"\r\n                     class=\"banner-opinion-icon\">\r\n                <div class=\"banner-opinion-content\">\r\n                    <h3>\u00bfComer o meditar?<\/h3>\r\n                    <p>\r\n                        Si tu cerebro aprende que \"comer galletas = alivio inmediato\", grabar\u00e1 esa ruta neuronal a fuego. La pr\u00f3xima vez que sientas ansiedad, tu cerebro no te pedir\u00e1 meditar, te pedir\u00e1 az\u00facar. Es una b\u00fasqueda qu\u00edmica de bienestar.\r\n                    <\/p>\r\n                    <div class=\"quote-footer\">\u2014 Dra. Rosa Molina<\/div>\r\n                <\/div>\r\n            <\/aside>\r\n\r\n            <p class=\"mb-6\">\r\n                Desde la neurociencia del comportamiento, expertos como la <strong>Dra. Nora Volkow<\/strong> (directora del Instituto Nacional sobre el Abuso de Drogas de EE.UU.), relacionan estos alimentos con la activaci\u00f3n de circuitos similares a los de ciertas sustancias adictivas. \r\n            <\/p>\r\n\r\n            <p class=\"mb-6\">\r\n                Este mecanismo explica por qu\u00e9 es tan dif\u00edcil detener el impulso mediante la simple l\u00f3gica: estamos ante una respuesta autom\u00e1tica del sistema de recompensa que busca neutralizar el cortisol (la hormona del estr\u00e9s) de la manera m\u00e1s r\u00e1pida posible.\r\n            <\/p>\r\n\r\n            <div class=\"divisor\"><\/div>\r\n        <\/section>\r\n\r\n    <\/article>\r\n\r\n<\/body>\r\n<\/html>\t\t\t\t<\/div>\n\t\t\t\t<div class=\"elementor-element elementor-element-59c15f2 elementor-invisible elementor-widget elementor-widget-html\" data-id=\"59c15f2\" data-element_type=\"widget\" data-e-type=\"widget\" data-settings=\"{&quot;_animation&quot;:&quot;fadeInUp&quot;}\" data-widget_type=\"html.default\">\n\t\t\t\t\t<!DOCTYPE html>\r\n<html lang=\"es\">\r\n<head>\r\n    <meta charset=\"UTF-8\">\r\n    <meta name=\"viewport\" content=\"width=device-width, initial-scale=1.0\">\r\n    <title>Apartado: Causas Profundas<\/title>\r\n    <!-- Google Fonts: Estilo Peri\u00f3dico Moderno -->\r\n    <link href=\"https:\/\/fonts.googleapis.com\/css2?family=Playfair+Display:ital,wght@0,700;1,400&family=Inter:wght@300;400;600&family=Lora:ital,wght@0,400;1,400&display=swap\" rel=\"stylesheet\">\r\n    <script src=\"https:\/\/cdn.tailwindcss.com\"><\/script>\r\n    <style>\r\n        :root {\r\n            --color-primario: #1a1a1a;\r\n            --color-acento: #c5a386;\r\n            --color-fondo: #ffffff;\r\n            --color-texto: #333333;\r\n            --color-borde: #e5e5e5;\r\n            --color-pesta\u00f1a-fondo: #f9f7f4;\r\n        }\r\n\r\n        body {\r\n            background-color: var(--color-fondo);\r\n            color: var(--color-texto);\r\n            font-family: 'Inter', sans-serif;\r\n            line-height: 1.8;\r\n        }\r\n\r\n        .contenedor-lectura {\r\n            max-width: 760px;\r\n            margin: 0 auto;\r\n        }\r\n\r\n        .texto-justificado {\r\n            text-align: justify;\r\n            hyphens: auto;\r\n        }\r\n\r\n        h2 {\r\n            font-family: 'Playfair Display', serif;\r\n            font-size: 2.2rem;\r\n            color: var(--color-primario);\r\n            line-height: 1.2;\r\n            margin-bottom: 1.5rem;\r\n            font-weight: 700;\r\n        }\r\n\r\n        \/* Sistema de Pesta\u00f1as *\/\r\n        .tab-button {\r\n            transition: all 0.3s ease;\r\n            font-family: 'Inter', sans-serif;\r\n            font-weight: 600;\r\n            text-transform: uppercase;\r\n            letter-spacing: 1px;\r\n            font-size: 0.75rem;\r\n            border-bottom: 2px solid transparent;\r\n            color: #888;\r\n        }\r\n\r\n        .tab-button.active {\r\n            color: var(--color-acento);\r\n            border-bottom-color: var(--color-acento);\r\n        }\r\n\r\n        .tab-content {\r\n            display: none;\r\n            animation: fadeIn 0.5s ease;\r\n        }\r\n\r\n        .tab-content.active {\r\n            display: block;\r\n        }\r\n\r\n        @keyframes fadeIn {\r\n            from { opacity: 0; transform: translateY(10px); }\r\n            to { opacity: 1; transform: translateY(0); }\r\n        }\r\n\r\n        .card-causa {\r\n            background-color: var(--color-pesta\u00f1a-fondo);\r\n            padding: 2.5rem;\r\n            border-radius: 4px;\r\n            border: 1px solid var(--color-borde);\r\n        }\r\n\r\n        .card-causa h3 {\r\n            font-family: 'Playfair Display', serif;\r\n            font-size: 1.8rem;\r\n            color: var(--color-primario);\r\n            margin-bottom: 1.5rem;\r\n            font-style: italic;\r\n        }\r\n\r\n        strong {\r\n            color: var(--color-primario);\r\n            font-weight: 600;\r\n        }\r\n\r\n        .enfasis-acento {\r\n            color: var(--color-acento);\r\n        }\r\n    <\/style>\r\n<\/head>\r\n<body class=\"p-6 md:p-16\">\r\n\r\n    <article class=\"contenedor-lectura\">\r\n        \r\n        <section class=\"texto-justificado\">\r\n            <h2>Causas profundas: \u00bfPor qu\u00e9 comemos nuestras emociones?<\/h2>\r\n            \r\n            <p class=\"mb-10\">\r\n                La ansiedad por la comida <strong>es el s\u00edntoma, no la enfermedad<\/strong>. Es la punta del iceberg de algo m\u00e1s profundo que ocurre en nuestro mundo interno. Para entenderlo, debemos analizar los tres pilares que suelen sostener esta conducta:\r\n            <\/p>\r\n\r\n            <!-- Interfaz de Pesta\u00f1as -->\r\n            <div class=\"mb-12\">\r\n                <div class=\"flex flex-wrap border-b border-gray-200 mb-6 justify-center md:justify-start gap-4 md:gap-8\">\r\n                    <button onclick=\"openTab(event, 'tab1')\" class=\"tab-button active py-3 px-1\">01. Estr\u00e9s<\/button>\r\n                    <button onclick=\"openTab(event, 'tab2')\" class=\"tab-button py-3 px-1\">02. Restricci\u00f3n<\/button>\r\n                    <button onclick=\"openTab(event, 'tab3')\" class=\"tab-button py-3 px-1\">03. Emociones<\/button>\r\n                <\/div>\r\n\r\n                <div id=\"tab1\" class=\"tab-content active\">\r\n                    <div class=\"card-causa\">\r\n                        <h3>El Cortisol y el estr\u00e9s cr\u00f3nico<\/h3>\r\n                        <p>\r\n                            Vivimos en una sociedad de la que ya se habla como <strong>\u201cinflamada por el estr\u00e9s\u201d<\/strong>. Cuando estamos estresados, liberamos cortisol. Esta hormona tiene una funci\u00f3n evolutiva: prepararnos para la huida o la lucha. \r\n                        <\/p>\r\n                        <p class=\"mt-4\">\r\n                            Para ello, el cuerpo demanda energ\u00eda r\u00e1pida (glucosa). Por eso, cuando tienes una entrega urgente en el trabajo o ex\u00e1menes finales, no te apetece una ensalada, <strong>tu biolog\u00eda te pide carbohidratos<\/strong>.\r\n                        <\/p>\r\n                    <\/div>\r\n                <\/div>\r\n\r\n                <div id=\"tab2\" class=\"tab-content\">\r\n                    <div class=\"card-causa\">\r\n                        <h3>La restricci\u00f3n cognitiva (La cultura de dieta)<\/h3>\r\n                        <p>\r\n                            Parad\u00f3jicamente, una de las mayores causas de la ansiedad por la comida es estar a dieta. <strong>La prohibici\u00f3n genera deseo<\/strong>. \r\n                        <\/p>\r\n                        <p class=\"mt-4\">\r\n                            Numerosos estudios en psicolog\u00eda de la alimentaci\u00f3n muestran que la etiqueta de \"alimento prohibido\" aumenta la atenci\u00f3n que le prestamos. Si te proh\u00edbes el pan, acabar\u00e1s d\u00e1ndote un atrac\u00f3n de pan. Es el <strong>efecto rebote<\/strong> de la restricci\u00f3n.\r\n                        <\/p>\r\n                    <\/div>\r\n                <\/div>\r\n\r\n                <div id=\"tab3\" class=\"tab-content\">\r\n                    <div class=\"card-causa\">\r\n                        <h3>Analfabetismo emocional<\/h3>\r\n                        <p>\r\n                            A menudo usamos la comida como un <strong>\"tap\u00f3n\"<\/strong> para las emociones que no sabemos gestionar. Comemos por aburrimiento, por soledad, por tristeza o incluso por euforia. \r\n                        <\/p>\r\n                        <p class=\"mt-4 italic\">\r\n                            Al no tener herramientas para transitar la emoci\u00f3n (lo que llamamos regulaci\u00f3n emocional), usamos la comida como un ansiol\u00edtico natural y accesible.\r\n                        <\/p>\r\n                    <\/div>\r\n                <\/div>\r\n            <\/div>\r\n\r\n        <\/section>\r\n\r\n    <\/article>\r\n\r\n    <script>\r\n        function openTab(evt, tabName) {\r\n            var i, tabcontent, tablinks;\r\n            tabcontent = document.getElementsByClassName(\"tab-content\");\r\n            for (i = 0; i < tabcontent.length; i++) {\r\n                tabcontent[i].classList.remove(\"active\");\r\n            }\r\n            tablinks = document.getElementsByClassName(\"tab-button\");\r\n            for (i = 0; i < tablinks.length; i++) {\r\n                tablinks[i].classList.remove(\"active\");\r\n            }\r\n            document.getElementById(tabName).classList.add(\"active\");\r\n            evt.currentTarget.classList.add(\"active\");\r\n        }\r\n    <\/script>\r\n<\/body>\r\n<\/html>\t\t\t\t<\/div>\n\t\t\t\t\t<\/div>\n\t\t\t\t<\/div>\n\t\t<div class=\"elementor-element elementor-element-0431ad6 animated-slow e-flex e-con-boxed wpr-particle-no wpr-jarallax-no wpr-parallax-no wpr-sticky-section-no wpr-equal-height-no elementor-invisible e-con e-parent\" data-id=\"0431ad6\" data-element_type=\"container\" data-e-type=\"container\" data-settings=\"{&quot;animation&quot;:&quot;fadeInRight&quot;}\">\n\t\t\t\t\t<div class=\"e-con-inner\">\n\t\t\t\t<div class=\"elementor-element elementor-element-25afc14 elementor-widget elementor-widget-html\" data-id=\"25afc14\" data-element_type=\"widget\" data-e-type=\"widget\" data-widget_type=\"html.default\">\n\t\t\t\t\t<!DOCTYPE html>\r\n<html lang=\"es\">\r\n<head>\r\n    <meta charset=\"UTF-8\">\r\n    <meta name=\"viewport\" content=\"width=device-width, initial-scale=1.0\">\r\n    <title>Apartado: J\u00f3venes y Rendimiento<\/title>\r\n    <!-- Google Fonts: Estilo Peri\u00f3dico Moderno -->\r\n    <link href=\"https:\/\/fonts.googleapis.com\/css2?family=Playfair+Display:ital,wght@0,700;1,400&family=Inter:wght@300;400;600&family=Lora:ital,wght@0,400;1,400&display=swap\" rel=\"stylesheet\">\r\n    <script src=\"https:\/\/cdn.tailwindcss.com\"><\/script>\r\n    <style>\r\n        :root {\r\n            --color-primario: #1a1a1a;\r\n            --color-acento: #c5a386;\r\n            --color-fondo: #ffffff;\r\n            --color-texto: #333333;\r\n            --color-borde: #e5e5e5;\r\n            --color-acordeon-fondo: #fcfbf9;\r\n        }\r\n\r\n        body {\r\n            background-color: var(--color-fondo);\r\n            color: var(--color-texto);\r\n            font-family: 'Inter', sans-serif;\r\n            line-height: 1.8;\r\n        }\r\n\r\n        .contenedor-lectura {\r\n            max-width: 760px;\r\n            margin: 0 auto;\r\n        }\r\n\r\n        .texto-justificado {\r\n            text-align: justify;\r\n            hyphens: auto;\r\n        }\r\n\r\n        .encabezado-centrado {\r\n            text-align: center;\r\n            margin-bottom: 2.5rem;\r\n        }\r\n\r\n        h2 {\r\n            font-family: 'Playfair Display', serif;\r\n            font-size: 2.2rem;\r\n            color: var(--color-primario);\r\n            line-height: 1.2;\r\n            font-weight: 700;\r\n        }\r\n\r\n        \/* Estilos del Acorde\u00f3n *\/\r\n        .accordion-item {\r\n            border-bottom: 1px solid var(--color-borde);\r\n        }\r\n\r\n        .accordion-header {\r\n            width: 100%;\r\n            display: flex;\r\n            justify-content: space-between;\r\n            align-items: center;\r\n            padding: 1.5rem 0;\r\n            cursor: pointer;\r\n            text-align: left;\r\n            transition: color 0.3s ease;\r\n        }\r\n\r\n        .accordion-header h3 {\r\n            font-family: 'Playfair Display', serif;\r\n            font-size: 1.4rem;\r\n            color: var(--color-primario);\r\n            font-style: italic;\r\n        }\r\n\r\n        .accordion-header:hover h3 {\r\n            color: var(--color-acento);\r\n        }\r\n\r\n        .accordion-content {\r\n            max-height: 0;\r\n            overflow: hidden;\r\n            transition: max-height 0.4s ease-out, padding 0.3s ease;\r\n            background-color: var(--color-acordeon-fondo);\r\n        }\r\n\r\n        .accordion-item.active .accordion-content {\r\n            max-height: 1200px; \r\n            padding: 2rem;\r\n            margin-bottom: 1.5rem;\r\n            border-radius: 4px;\r\n        }\r\n\r\n        .icon-arrow {\r\n            transition: transform 0.3s ease;\r\n            color: var(--color-acento);\r\n        }\r\n\r\n        .accordion-item.active .icon-arrow {\r\n            transform: rotate(180deg);\r\n        }\r\n\r\n        \/* Bot\u00f3n corregido para WordPress *\/\r\n        .btn-talleres-container {\r\n            margin-top: 3rem;\r\n            text-align: center;\r\n        }\r\n\r\n        .btn-talleres {\r\n            display: inline-block;\r\n            background-color: #222222 !important;\r\n            color: #ffffff !important;\r\n            padding: 1.2rem 2.8rem;\r\n            font-family: 'Inter', sans-serif;\r\n            font-weight: 600;\r\n            text-transform: uppercase;\r\n            letter-spacing: 2px;\r\n            font-size: 0.8rem;\r\n            text-decoration: none;\r\n            transition: all 0.3s ease;\r\n            border: 2px solid #222222;\r\n        }\r\n\r\n        .btn-talleres:hover {\r\n            background-color: transparent !important;\r\n            color: #222222 !important;\r\n        }\r\n\r\n        strong {\r\n            color: var(--color-primario);\r\n            font-weight: 600;\r\n        }\r\n\r\n        .link-editorial {\r\n            color: var(--color-acento);\r\n            text-decoration: underline;\r\n            font-weight: 600;\r\n        }\r\n    <\/style>\r\n<\/head>\r\n<body class=\"p-6 md:p-16\">\r\n\r\n    <article class=\"contenedor-lectura\">\r\n        \r\n        <section class=\"texto-justificado\">\r\n            <div class=\"encabezado-centrado\">\r\n                <h2>La epidemia silenciosa en j\u00f3venes y adolescentes<\/h2>\r\n            <\/div>\r\n            \r\n            <p class=\"mb-6\">\r\n                Si hay un grupo poblacional donde la ansiedad por la comida y los <strong>Trastornos de la Conducta Alimentaria (TCA)<\/strong> est\u00e1n haciendo estragos, es en la juventud.\r\n            <\/p>\r\n\r\n            <p class=\"mb-10\">\r\n                Seg\u00fan datos recientes de la Asociaci\u00f3n Espa\u00f1ola de Pediatr\u00eda, los diagn\u00f3sticos de TCA aumentaron un <strong>30% tras la pandemia<\/strong>. Sin embargo, m\u00e1s all\u00e1 de los diagn\u00f3sticos cl\u00ednicos como la anorexia o la bulimia, existe una zona gris inmensa de \"alimentaci\u00f3n desordenada\" donde la ansiedad por la comida es la protagonista.\r\n            <\/p>\r\n\r\n            <!-- Sistema de Acorde\u00f3n -->\r\n            <div class=\"space-y-2 mb-12\">\r\n                \r\n                <!-- Item 1 -->\r\n                <div class=\"accordion-item\">\r\n                    <button class=\"accordion-header\" onclick=\"toggleAccordion(this)\">\r\n                        <h3>El papel de las redes sociales<\/h3>\r\n                        <svg class=\"icon-arrow w-6 h-6\" fill=\"none\" stroke=\"currentColor\" viewBox=\"0 0 24 24\"><path stroke-linecap=\"round\" stroke-linejoin=\"round\" stroke-width=\"2\" d=\"M19 9l-7 7-7-7\"><\/path><\/svg>\r\n                    <\/button>\r\n                    <div class=\"accordion-content\">\r\n                        <p>Psic\u00f3logos expertos en imagen corporal, como la <strong>Dra. Renee Engeln<\/strong> (autora de <em>Beauty Sick<\/em>), alertan sobre c\u00f3mo el consumo de redes sociales (TikTok, Instagram) exacerba la insatisfacci\u00f3n corporal.<\/p>\r\n                        <p class=\"mt-4\">Los j\u00f3venes est\u00e1n expuestos al fen\u00f3meno <em>\u201cWhat I eat in a day\u201d<\/em> (Lo que como en un d\u00eda), donde influencers muestran dietas irreales. Puedes profundizar m\u00e1s en este impacto <a href=\"https:\/\/www.jmir.org\/2024\/1\/e51957\/\" target=\"_blank\" class=\"link-editorial\">aqu\u00ed<\/a>.<\/p>\r\n                        <p class=\"mt-4\">Esto genera una <strong>comparaci\u00f3n constante<\/strong> (por cierto, te invito tambi\u00e9n a que revises nuestros <a href=\"#\" class=\"link-editorial\">trabajos sobre redes sociales<\/a>). El adolescente intenta restringir su alimentaci\u00f3n para encajar en el canon est\u00e9tico, falla debido al hambre biol\u00f3gica, y termina comiendo con ansiedad, entrando en un ciclo de culpa y verg\u00fcenza que erosiona su autoestima en desarrollo.<\/p>\r\n                    <\/div>\r\n                <\/div>\r\n\r\n                <!-- Item 2 -->\r\n                <div class=\"accordion-item\">\r\n                    <button class=\"accordion-header\" onclick=\"toggleAccordion(this)\">\r\n                        <h3>Impacto en el rendimiento: Estudios y Trabajo<\/h3>\r\n                        <svg class=\"icon-arrow w-6 h-6\" fill=\"none\" stroke=\"currentColor\" viewBox=\"0 0 24 24\"><path stroke-linecap=\"round\" stroke-linejoin=\"round\" stroke-width=\"2\" d=\"M19 9l-7 7-7-7\"><\/path><\/svg>\r\n                    <\/button>\r\n                    <div class=\"accordion-content\">\r\n                        <p>Tendemos a pensar que lo que comemos solo afecta a nuestra talla de pantal\u00f3n, pero como psiquiatra siempre insisto: <strong>lo que comes afecta directamente a c\u00f3mo piensas<\/strong>.<\/p>\r\n                        <p class=\"mt-4 italic\">Existe una relaci\u00f3n directa entre la ansiedad por la comida y la ca\u00edda del rendimiento intelectual.<\/p>\r\n                    <\/div>\r\n                <\/div>\r\n\r\n                <!-- Item 3 -->\r\n                <div class=\"accordion-item text-left\">\r\n                    <button class=\"accordion-header\" onclick=\"toggleAccordion(this)\">\r\n                        <h3>La monta\u00f1a rusa de la glucosa<\/h3>\r\n                        <svg class=\"icon-arrow w-6 h-6\" fill=\"none\" stroke=\"currentColor\" viewBox=\"0 0 24 24\"><path stroke-linecap=\"round\" stroke-linejoin=\"round\" stroke-width=\"2\" d=\"M19 9l-7 7-7-7\"><\/path><\/svg>\r\n                    <\/button>\r\n                    <div class=\"accordion-content\">\r\n                        <p>Cuando gestionamos la ansiedad comiendo ultraprocesados, provocamos un pico de glucosa en sangre, seguido de una ca\u00edda brusca (hipoglucemia reactiva). Este \"baj\u00f3n\" f\u00edsico puede traducirse en s\u00edntomas cognitivos:<\/p>\r\n                        <ul class=\"mt-4 space-y-2 list-disc pl-5\">\r\n                            <li><strong>Niebla mental (Brain Fog):<\/strong> Dificultad para concentrarse y pensar con claridad.<\/li>\r\n                            <li><strong>Fatiga:<\/strong> Cansancio y tendencia al sue\u00f1o post-ingesta.<\/li>\r\n                            <li><strong>Irritabilidad:<\/strong> Que afecta al clima laboral o familiar.<\/li>\r\n                        <\/ul>\r\n                    <\/div>\r\n                <\/div>\r\n\r\n                <!-- Item 4 -->\r\n                <div class=\"accordion-item border-b-0\">\r\n                    <button class=\"accordion-header\" onclick=\"toggleAccordion(this)\">\r\n                        <h3>El coste cognitivo de la preocupaci\u00f3n<\/h3>\r\n                        <svg class=\"icon-arrow w-6 h-6\" fill=\"none\" stroke=\"currentColor\" viewBox=\"0 0 24 24\"><path stroke-linecap=\"round\" stroke-linejoin=\"round\" stroke-width=\"2\" d=\"M19 9l-7 7-7-7\"><\/path><\/svg>\r\n                    <\/button>\r\n                    <div class=\"accordion-content\">\r\n                        <p>M\u00e1s all\u00e1 de la qu\u00edmica, hay un coste atencional. Si est\u00e1s trabajando o estudiando, pero el <strong>40% de tu cerebro<\/strong> est\u00e1 pensando en \"no deber\u00eda haberme comido eso\" o \"qu\u00e9 voy a comer luego\", tu capacidad de memoria y resoluci\u00f3n de problemas disminuye dr\u00e1sticamente.<\/p>\r\n                        <p class=\"mt-4 italic text-[var(--color-acento)]\">La preocupaci\u00f3n por la comida ocupa un \"ancho de banda\" mental que deber\u00edas estar dedicando a tus proyectos.<\/p>\r\n                    <\/div>\r\n                <\/div>\r\n\r\n            <\/div>\r\n\r\n            <!-- Bot\u00f3n a Talleres -->\r\n            <div class=\"btn-talleres-container\">\r\n                <p class=\"text-sm text-gray-400 italic mb-4\">\u00bfQuieres aprender herramientas pr\u00e1cticas para gestionar tu alimentaci\u00f3n?<\/p>\r\n                <a href=\"https:\/\/rosamolinapsiquiatra.com\/talleres\" target=\"_blank\" class=\"btn-talleres\">\r\n                    Explorar Talleres\r\n                <\/a>\r\n            <\/div>\r\n\r\n        <\/section>\r\n\r\n    <\/article>\r\n\r\n    <script>\r\n        function toggleAccordion(element) {\r\n            const item = element.parentElement;\r\n            const isActive = item.classList.contains('active');\r\n            \r\n            \/\/ Cerrar todos los dem\u00e1s\r\n            document.querySelectorAll('.accordion-item').forEach(el => el.classList.remove('active'));\r\n            \r\n            \/\/ Abrir el actual si no estaba activo\r\n            if (!isActive) {\r\n                item.classList.add('active');\r\n            }\r\n        }\r\n    <\/script>\r\n<\/body>\r\n<\/html>\t\t\t\t<\/div>\n\t\t\t\t\t<\/div>\n\t\t\t\t<\/div>\n\t\t<div class=\"elementor-element elementor-element-e384acc e-con-full e-flex wpr-particle-no wpr-jarallax-no wpr-parallax-no wpr-sticky-section-no wpr-equal-height-no e-con e-parent\" data-id=\"e384acc\" data-element_type=\"container\" data-e-type=\"container\">\n\t\t\t\t<div class=\"elementor-element elementor-element-09b61d6 elementor-widget__width-initial elementor-widget elementor-widget-image\" data-id=\"09b61d6\" data-element_type=\"widget\" data-e-type=\"widget\" data-widget_type=\"image.default\">\n\t\t\t\t\t\t\t\t\t\t\t\t\t\t\t<img decoding=\"async\" width=\"800\" height=\"534\" src=\"https:\/\/rosamolinapsiquiatra.com\/wp-content\/uploads\/2026\/03\/g255d105c3f876f19ecea849e7afe8c64553230349db59543cb2de5037c58e115cfe0b96c71e8e2a7f5ccbf8912e29348df977e5ad6159635af84f0e8f22dfb2e_1280-3186730-1024x684.jpg\" class=\"attachment-large size-large wp-image-4846\" alt=\"ansiedad por la comida\" srcset=\"https:\/\/rosamolinapsiquiatra.com\/wp-content\/uploads\/2026\/03\/g255d105c3f876f19ecea849e7afe8c64553230349db59543cb2de5037c58e115cfe0b96c71e8e2a7f5ccbf8912e29348df977e5ad6159635af84f0e8f22dfb2e_1280-3186730-1024x684.jpg 1024w, https:\/\/rosamolinapsiquiatra.com\/wp-content\/uploads\/2026\/03\/g255d105c3f876f19ecea849e7afe8c64553230349db59543cb2de5037c58e115cfe0b96c71e8e2a7f5ccbf8912e29348df977e5ad6159635af84f0e8f22dfb2e_1280-3186730-300x200.jpg 300w, https:\/\/rosamolinapsiquiatra.com\/wp-content\/uploads\/2026\/03\/g255d105c3f876f19ecea849e7afe8c64553230349db59543cb2de5037c58e115cfe0b96c71e8e2a7f5ccbf8912e29348df977e5ad6159635af84f0e8f22dfb2e_1280-3186730-768x513.jpg 768w, https:\/\/rosamolinapsiquiatra.com\/wp-content\/uploads\/2026\/03\/g255d105c3f876f19ecea849e7afe8c64553230349db59543cb2de5037c58e115cfe0b96c71e8e2a7f5ccbf8912e29348df977e5ad6159635af84f0e8f22dfb2e_1280-3186730-18x12.jpg 18w, https:\/\/rosamolinapsiquiatra.com\/wp-content\/uploads\/2026\/03\/g255d105c3f876f19ecea849e7afe8c64553230349db59543cb2de5037c58e115cfe0b96c71e8e2a7f5ccbf8912e29348df977e5ad6159635af84f0e8f22dfb2e_1280-3186730-500x334.jpg 500w, https:\/\/rosamolinapsiquiatra.com\/wp-content\/uploads\/2026\/03\/g255d105c3f876f19ecea849e7afe8c64553230349db59543cb2de5037c58e115cfe0b96c71e8e2a7f5ccbf8912e29348df977e5ad6159635af84f0e8f22dfb2e_1280-3186730-800x534.jpg 800w, https:\/\/rosamolinapsiquiatra.com\/wp-content\/uploads\/2026\/03\/g255d105c3f876f19ecea849e7afe8c64553230349db59543cb2de5037c58e115cfe0b96c71e8e2a7f5ccbf8912e29348df977e5ad6159635af84f0e8f22dfb2e_1280-3186730.jpg 1280w\" sizes=\"(max-width: 800px) 100vw, 800px\" \/>\t\t\t\t\t\t\t\t\t\t\t\t\t\t\t<\/div>\n\t\t\t\t<\/div>\n\t\t<div class=\"elementor-element elementor-element-9a811d9 e-flex e-con-boxed wpr-particle-no wpr-jarallax-no wpr-parallax-no wpr-sticky-section-no wpr-equal-height-no elementor-invisible e-con e-parent\" data-id=\"9a811d9\" data-element_type=\"container\" data-e-type=\"container\" data-settings=\"{&quot;animation&quot;:&quot;fadeInUp&quot;}\">\n\t\t\t\t\t<div class=\"e-con-inner\">\n\t\t\t\t<div class=\"elementor-element elementor-element-4e00a05 elementor-widget elementor-widget-html\" data-id=\"4e00a05\" data-element_type=\"widget\" data-e-type=\"widget\" data-widget_type=\"html.default\">\n\t\t\t\t\t<!DOCTYPE html>\r\n<html lang=\"es\">\r\n<head>\r\n    <meta charset=\"UTF-8\">\r\n    <meta name=\"viewport\" content=\"width=device-width, initial-scale=1.0\">\r\n    <title>Apartado: Buscando Soluciones<\/title>\r\n    <!-- Google Fonts: Estilo Peri\u00f3dico Moderno -->\r\n    <link href=\"https:\/\/fonts.googleapis.com\/css2?family=Playfair+Display:ital,wght@0,700;1,400&family=Inter:wght@300;400;600&family=Lora:ital,wght@0,400;1,400&display=swap\" rel=\"stylesheet\">\r\n    <script src=\"https:\/\/cdn.tailwindcss.com\"><\/script>\r\n    <style>\r\n        :root {\r\n            --color-primario: #1a1a1a;\r\n            --color-acento: #c5a386;\r\n            --color-fondo: #ffffff;\r\n            --color-texto: #333333;\r\n            --color-borde: #e5e5e5;\r\n            --color-solucion-fondo: #fcfbf9;\r\n        }\r\n\r\n        body {\r\n            background-color: var(--color-fondo);\r\n            color: var(--color-texto);\r\n            font-family: 'Inter', sans-serif;\r\n            line-height: 1.6;\r\n        }\r\n\r\n        .contenedor-lectura {\r\n            max-width: 900px; \/* Un poco m\u00e1s ancho para permitir la cuadr\u00edcula *\/\r\n            margin: 0 auto;\r\n        }\r\n\r\n        .encabezado-centrado {\r\n            text-align: center;\r\n            margin-bottom: 3rem;\r\n        }\r\n\r\n        h2 {\r\n            font-family: 'Playfair Display', serif;\r\n            font-size: 2.2rem;\r\n            color: var(--color-primario);\r\n            line-height: 1.2;\r\n            font-weight: 700;\r\n            text-transform: uppercase;\r\n            letter-spacing: -1px;\r\n        }\r\n\r\n        h3 {\r\n            font-family: 'Playfair Display', serif;\r\n            font-size: 1.35rem;\r\n            color: var(--color-primario);\r\n            margin-bottom: 0.75rem;\r\n            font-style: italic;\r\n        }\r\n\r\n        .introduccion {\r\n            font-size: 1.1rem;\r\n            color: #555;\r\n            margin-bottom: 3rem;\r\n            border-left: 2px solid var(--color-acento);\r\n            padding-left: 1.5rem;\r\n            max-width: 760px;\r\n            margin-left: auto;\r\n            margin-right: auto;\r\n        }\r\n\r\n        \/* Grid Layout *\/\r\n        .grid-soluciones {\r\n            display: grid;\r\n            grid-template-columns: repeat(auto-fit, minmax(320px, 1fr));\r\n            gap: 1.5rem;\r\n        }\r\n\r\n        \/* Tarjetas de Estrategias - Ajustadas a formato m\u00e1s cuadrado *\/\r\n        .estrategia-card {\r\n            background-color: var(--color-solucion-fondo);\r\n            border: 1px solid var(--color-borde);\r\n            padding: 1.5rem;\r\n            border-radius: 4px;\r\n            display: flex;\r\n            flex-direction: column;\r\n            justify-content: flex-start;\r\n            transition: all 0.3s ease;\r\n        }\r\n\r\n        .estrategia-card:hover {\r\n            border-color: var(--color-acento);\r\n            box-shadow: 0 4px 12px rgba(0,0,0,0.03);\r\n        }\r\n\r\n        .numero-estrategia {\r\n            font-family: 'Inter', sans-serif;\r\n            font-weight: 700;\r\n            color: var(--color-acento);\r\n            font-size: 0.7rem;\r\n            text-transform: uppercase;\r\n            letter-spacing: 2px;\r\n            margin-bottom: 0.5rem;\r\n        }\r\n\r\n        .ejercicio-box {\r\n            background-color: #ffffff;\r\n            border: 1px dashed var(--color-acento);\r\n            padding: 1rem;\r\n            margin-top: auto; \/* Empuja el ejercicio al final de la tarjeta si hay espacio *\/\r\n            font-size: 0.9rem;\r\n            line-height: 1.5;\r\n        }\r\n\r\n        strong {\r\n            color: var(--color-primario);\r\n            font-weight: 600;\r\n        }\r\n\r\n        .tag-alimento {\r\n            display: inline-block;\r\n            background-color: #eee;\r\n            padding: 1px 6px;\r\n            border-radius: 3px;\r\n            font-size: 0.8rem;\r\n            margin-right: 3px;\r\n            color: #666;\r\n        }\r\n\r\n        .texto-reducido {\r\n            font-size: 0.95rem;\r\n            color: #444;\r\n        }\r\n    <\/style>\r\n<\/head>\r\n<body class=\"p-6 md:p-12\">\r\n\r\n    <article class=\"contenedor-lectura\">\r\n        \r\n        <section>\r\n            <div class=\"encabezado-centrado\">\r\n                <h2>Buscando Soluciones<\/h2>\r\n            <\/div>\r\n            \r\n            <p class=\"introduccion\">\r\n                La soluci\u00f3n a la ansiedad por la comida no est\u00e1 en una nueva dieta de moda, sino en la <strong>consulta de psicolog\u00eda<\/strong> y en el <strong>cambio de h\u00e1bitos mentales<\/strong>. Aqu\u00ed te presento algunas estrategias basadas en la evidencia que trabajamos en terapia:\r\n            <\/p>\r\n\r\n            <!-- Grid de Soluciones -->\r\n            <div class=\"grid-soluciones\">\r\n                \r\n                <!-- Estrategia 1 -->\r\n                <div class=\"estrategia-card\">\r\n                    <span class=\"numero-estrategia\">01. Mindfulness<\/span>\r\n                    <h3>Alimentaci\u00f3n Consciente<\/h3>\r\n                    <p class=\"texto-reducido mb-4\">No se trata de <em>qu\u00e9<\/em> comes, sino de <strong>c\u00f3mo<\/strong> lo haces para recuperar la calma.<\/p>\r\n                    <div class=\"ejercicio-box\">\r\n                        <strong>Pr\u00e1ctica:<\/strong> Come sin pantallas y sentado\/a. Preg\u00fantate a mitad del plato: \"\u00bfSigo teniendo hambre?\".\r\n                    <\/div>\r\n                <\/div>\r\n\r\n                <!-- Estrategia 2 -->\r\n                <div class=\"estrategia-card\">\r\n                    <span class=\"numero-estrategia\">02. Gesti\u00f3n<\/span>\r\n                    <h3>Surfear la ola (Urge Surfing)<\/h3>\r\n                    <p class=\"texto-reducido mb-4\">La ansiedad es como una ola: sube, llega a un pico y baja. La clave es no ceder en el punto m\u00e1ximo.<\/p>\r\n                    <div class=\"ejercicio-box\">\r\n                        <strong>T\u00e9cnica:<\/strong> Espera 10 minutos antes de comer. Respira o cambia de actividad. Ver\u00e1s que el impulso baja solo.\r\n                    <\/div>\r\n                <\/div>\r\n\r\n                <!-- Estrategia 3 -->\r\n                <div class=\"estrategia-card\">\r\n                    <span class=\"numero-estrategia\">03. An\u00e1lisis<\/span>\r\n                    <h3>Identifica tus \"Triggers\"<\/h3>\r\n                    <p class=\"texto-reducido mb-4\">Usa un diario emocional. \u00bfComes por estr\u00e9s del jefe, soledad o simple aburrimiento?<\/p>\r\n                    <div class=\"ejercicio-box\">\r\n                        <strong>Soluci\u00f3n:<\/strong> Si es estr\u00e9s, no es una galleta lo que necesitas, sino un paseo o una ducha caliente.\r\n                    <\/div>\r\n                <\/div>\r\n\r\n                <!-- Estrategia 4 -->\r\n                <div class=\"estrategia-card\">\r\n                    <span class=\"numero-estrategia\">04. Bioqu\u00edmica<\/span>\r\n                    <h3>Nutrici\u00f3n para el Cerebro<\/h3>\r\n                    <p class=\"texto-reducido mb-4\">Estabiliza la glucosa con grasas saludables <span class=\"tag-alimento\">AOVE<\/span> <span class=\"tag-alimento\">Nueces<\/span> y prote\u00ednas.<\/p>\r\n                    <div class=\"ejercicio-box\">\r\n                        <strong>Tip:<\/strong> Ten <em>crudit\u00e9s<\/em> a mano para calmar el impulso de masticar y evita el exceso de caf\u00e9.\r\n                    <\/div>\r\n                <\/div>\r\n\r\n            <\/div>\r\n\r\n        <\/section>\r\n\r\n    <\/article>\r\n\r\n<\/body>\r\n<\/html>\t\t\t\t<\/div>\n\t\t\t\t\t<\/div>\n\t\t\t\t<\/div>\n\t\t<div class=\"elementor-element elementor-element-d1d4853 animated-slow e-flex e-con-boxed wpr-particle-no wpr-jarallax-no wpr-parallax-no wpr-sticky-section-no wpr-equal-height-no elementor-invisible e-con e-parent\" data-id=\"d1d4853\" data-element_type=\"container\" data-e-type=\"container\" data-settings=\"{&quot;animation&quot;:&quot;slideInRight&quot;}\">\n\t\t\t\t\t<div class=\"e-con-inner\">\n\t\t\t\t<div class=\"elementor-element elementor-element-f8427eb elementor-widget elementor-widget-html\" data-id=\"f8427eb\" data-element_type=\"widget\" data-e-type=\"widget\" data-widget_type=\"html.default\">\n\t\t\t\t\t<!DOCTYPE html>\r\n<html lang=\"es\">\r\n<head>\r\n    <meta charset=\"UTF-8\">\r\n    <meta name=\"viewport\" content=\"width=device-width, initial-scale=1.0\">\r\n    <title>Ayuda Profesional - Dra. Rosa Molina<\/title>\r\n    <!-- Google Fonts: Estilo Peri\u00f3dico Moderno -->\r\n    <link href=\"https:\/\/fonts.googleapis.com\/css2?family=Playfair+Display:ital,wght@0,700;1,400&family=Inter:wght@300;400;600&family=Lora:ital,wght@0,400;1,400&display=swap\" rel=\"stylesheet\">\r\n    <script src=\"https:\/\/cdn.tailwindcss.com\"><\/script>\r\n    <style>\r\n        :root {\r\n            --color-primario: #1a1a1a;\r\n            --color-acento: #c5a386;\r\n            --color-fondo: #ffffff;\r\n            --color-texto: #333333;\r\n            --color-borde: #e5e5e5;\r\n            --color-verde: #2d6a4f;\r\n            --color-caja-fondo: #fcfbf9;\r\n        }\r\n\r\n        body {\r\n            background-color: var(--color-fondo);\r\n            color: var(--color-texto);\r\n            font-family: 'Inter', sans-serif;\r\n            line-height: 1.8;\r\n        }\r\n\r\n        .contenedor-lectura {\r\n            max-width: 760px;\r\n            margin: 0 auto;\r\n        }\r\n\r\n        .texto-justificado {\r\n            text-align: justify;\r\n            hyphens: auto;\r\n        }\r\n\r\n        .encabezado-centrado {\r\n            text-align: center;\r\n            margin-bottom: 2.5rem;\r\n        }\r\n\r\n        h2 {\r\n            font-family: 'Playfair Display', serif;\r\n            font-size: 2.2rem;\r\n            color: var(--color-primario);\r\n            line-height: 1.2;\r\n            font-weight: 700;\r\n        }\r\n\r\n        \/* Estilos Checklist Ayuda Profesional *\/\r\n        .checklist-container {\r\n            margin: 2rem 0;\r\n        }\r\n\r\n        .checklist-item {\r\n            display: flex;\r\n            align-items: flex-start;\r\n            margin-bottom: 1.2rem;\r\n        }\r\n\r\n        .tick-icon {\r\n            color: var(--color-verde);\r\n            margin-right: 14px;\r\n            flex-shrink: 0;\r\n            margin-top: 4px;\r\n        }\r\n\r\n        \/* Cuadro de Opini\u00f3n de la Autora (Caja Amarilla\/Beige) *\/\r\n        .caja-autora {\r\n            background-color: var(--color-caja-fondo);\r\n            border: 1px solid var(--color-borde);\r\n            border-left: 4px solid var(--color-acento);\r\n            padding: 2.5rem;\r\n            margin-top: 3rem;\r\n            position: relative;\r\n            border-radius: 4px;\r\n        }\r\n\r\n        .firma-autora {\r\n            display: flex;\r\n            align-items: center;\r\n            gap: 1rem;\r\n            margin-top: 2rem;\r\n            padding-top: 1.5rem;\r\n            border-top: 1px dashed var(--color-borde);\r\n        }\r\n\r\n        .avatar-mini {\r\n            width: 45px;\r\n            height: 45px;\r\n            border-radius: 9999px;\r\n            background-color: #f3f4f6;\r\n            overflow: hidden;\r\n            border: 1px solid var(--color-borde);\r\n            flex-shrink: 0;\r\n        }\r\n\r\n        .avatar-mini img {\r\n            width: 100%;\r\n            height: 100%;\r\n            object-fit: cover;\r\n        }\r\n\r\n        .info-mini p:first-child {\r\n            font-weight: 700;\r\n            color: var(--color-primario);\r\n            font-size: 0.9rem;\r\n            line-height: 1.1;\r\n        }\r\n\r\n        .info-mini p:last-child {\r\n            font-size: 0.6rem;\r\n            text-transform: uppercase;\r\n            letter-spacing: 0.05em;\r\n            color: var(--color-acento);\r\n            font-weight: 600;\r\n        }\r\n\r\n        .etiqueta-opinion {\r\n            position: absolute;\r\n            top: -12px;\r\n            left: 20px;\r\n            background-color: var(--color-acento);\r\n            color: white;\r\n            font-size: 0.65rem;\r\n            padding: 2px 12px;\r\n            text-transform: uppercase;\r\n            font-weight: 700;\r\n            letter-spacing: 1px;\r\n            border-radius: 2px;\r\n        }\r\n\r\n        strong {\r\n            color: var(--color-primario);\r\n            font-weight: 600;\r\n        }\r\n\r\n        .divisor-final {\r\n            width: 40px;\r\n            height: 1px;\r\n            background-color: var(--color-borde);\r\n            margin: 4rem auto 0;\r\n        }\r\n    <\/style>\r\n<\/head>\r\n<body class=\"p-6 md:p-16\">\r\n\r\n    <article class=\"contenedor-lectura\">\r\n        \r\n        <section class=\"texto-justificado\">\r\n            <div class=\"encabezado-centrado\">\r\n                <h2>\u00bfCu\u00e1ndo pedir ayuda profesional?<\/h2>\r\n            <\/div>\r\n            \r\n            <p class=\"mb-8\">\r\n                Tener un episodio de ingesta emocional de vez en cuando es humano. No te castigues por ello. Sin embargo, la ansiedad por la comida se convierte en un problema cl\u00ednico cuando:\r\n            <\/p>\r\n\r\n            <div class=\"checklist-container\">\r\n                <div class=\"checklist-item\">\r\n                    <svg class=\"tick-icon w-6 h-6\" fill=\"none\" stroke=\"currentColor\" viewBox=\"0 0 24 24\" xmlns=\"http:\/\/www.w3.org\/2000\/svg\">\r\n                        <path stroke-linecap=\"round\" stroke-linejoin=\"round\" stroke-width=\"3\" d=\"M5 13l4 4L19 7\"><\/path>\r\n                    <\/svg>\r\n                    <p>Ocurre de forma habitual <strong>(varias veces por semana)<\/strong>.<\/p>\r\n                <\/div>\r\n                <div class=\"checklist-item\">\r\n                    <svg class=\"tick-icon w-6 h-6\" fill=\"none\" stroke=\"currentColor\" viewBox=\"0 0 24 24\" xmlns=\"http:\/\/www.w3.org\/2000\/svg\">\r\n                        <path stroke-linecap=\"round\" stroke-linejoin=\"round\" stroke-width=\"3\" d=\"M5 13l4 4L19 7\"><\/path>\r\n                    <\/svg>\r\n                    <p>Sientes que has <strong>perdido el control total<\/strong> sobre tu ingesta (atracones).<\/p>\r\n                <\/div>\r\n                <div class=\"checklist-item\">\r\n                    <svg class=\"tick-icon w-6 h-6\" fill=\"none\" stroke=\"currentColor\" viewBox=\"0 0 24 24\" xmlns=\"http:\/\/www.w3.org\/2000\/svg\">\r\n                        <path stroke-linecap=\"round\" stroke-linejoin=\"round\" stroke-width=\"3\" d=\"M5 13l4 4L19 7\"><\/path>\r\n                    <\/svg>\r\n                    <p>Afecta a tu <strong>vida social<\/strong> (dejas de salir a cenar por miedo a comer).<\/p>\r\n                <\/div>\r\n                <div class=\"checklist-item\">\r\n                    <svg class=\"tick-icon w-6 h-6\" fill=\"none\" stroke=\"currentColor\" viewBox=\"0 0 24 24\" xmlns=\"http:\/\/www.w3.org\/2000\/svg\">\r\n                        <path stroke-linecap=\"round\" stroke-linejoin=\"round\" stroke-width=\"3\" d=\"M5 13l4 4L19 7\"><\/path>\r\n                    <\/svg>\r\n                    <p>Usas <strong>m\u00e9todos compensatorios<\/strong> (v\u00f3mitos, ejercicio excesivo, ayunos estrictos).<\/p>\r\n                <\/div>\r\n            <\/div>\r\n\r\n            <!-- Caja Amarilla con la opini\u00f3n y el avatar -->\r\n            <aside class=\"caja-autora\">\r\n                <span class=\"etiqueta-opinion\">Nota de la Dra. Molina<\/span>\r\n                <p>\r\n                    En estos casos, podr\u00edamos estar ante un <strong>Trastorno por Atrac\u00f3n<\/strong> o una <strong>Bulimia Nerviosa<\/strong>. Es fundamental acudir a un profesional de la salud mental (psiquiatra o psic\u00f3logo especializado). \r\n                <\/p>\r\n                <p class=\"mt-4 italic\">\r\n                    La terapia cognitivo-conductual y, en algunos casos, el apoyo farmacol\u00f3gico para regular la impulsividad, tienen tasas de \u00e9xito muy altas.\r\n                <\/p>\r\n\r\n                <!-- Firma integrada en la caja -->\r\n                <div class=\"firma-autora\">\r\n                    <div class=\"avatar-mini\">\r\n                        <img decoding=\"async\" src=\"https:\/\/rosamolinapsiquiatra.com\/wp-content\/uploads\/2026\/03\/rosa.-m.png\" \r\n                             alt=\"Dra. Rosa Molina\" \r\n                             onerror=\"this.src='https:\/\/api.dicebear.com\/7.x\/avataaars\/svg?seed=Rosa'\">\r\n                    <\/div>\r\n                    <div class=\"info-mini\">\r\n                        <p>Dra. Rosa Molina<\/p>\r\n                        <p>Psiquiatra \u2022 rosamolinapsiquiatra.com<\/p>\r\n                    <\/div>\r\n                <\/div>\r\n            <\/aside>\r\n\r\n            <div class=\"divisor-final\"><\/div>\r\n        <\/section>\r\n\r\n    <\/article>\r\n\r\n<\/body>\r\n<\/html>\t\t\t\t<\/div>\n\t\t\t\t\t<\/div>\n\t\t\t\t<\/div>\n\t\t<div class=\"elementor-element elementor-element-a725cd8 animated-slow e-flex e-con-boxed wpr-particle-no wpr-jarallax-no wpr-parallax-no wpr-sticky-section-no wpr-equal-height-no elementor-invisible e-con e-parent\" data-id=\"a725cd8\" data-element_type=\"container\" data-e-type=\"container\" data-settings=\"{&quot;animation&quot;:&quot;slideInUp&quot;}\">\n\t\t\t\t\t<div class=\"e-con-inner\">\n\t\t\t\t<div class=\"elementor-element elementor-element-682b984 elementor-widget elementor-widget-html\" data-id=\"682b984\" data-element_type=\"widget\" data-e-type=\"widget\" data-widget_type=\"html.default\">\n\t\t\t\t\t<!DOCTYPE html>\r\n<html lang=\"es\">\r\n<head>\r\n    <meta charset=\"UTF-8\">\r\n    <meta name=\"viewport\" content=\"width=device-width, initial-scale=1.0\">\r\n    <title>Conclusi\u00f3n y Contacto - Dra. Rosa Molina<\/title>\r\n    <!-- Google Fonts: Estilo Peri\u00f3dico Moderno -->\r\n    <link href=\"https:\/\/fonts.googleapis.com\/css2?family=Playfair+Display:ital,wght@0,700;1,400&family=Inter:wght@300;400;600&family=Lora:ital,wght@0,400;1,400&display=swap\" rel=\"stylesheet\">\r\n    <script src=\"https:\/\/cdn.tailwindcss.com\"><\/script>\r\n    <style>\r\n        :root {\r\n            --color-primario: #1a1a1a;\r\n            --color-acento: #c5a386;\r\n            --color-fondo: #ffffff;\r\n            --color-texto: #333333;\r\n            --color-borde: #e5e5e5;\r\n        }\r\n\r\n        body {\r\n            background-color: var(--color-fondo);\r\n            color: var(--color-texto);\r\n            font-family: 'Inter', sans-serif;\r\n            line-height: 1.8;\r\n        }\r\n\r\n        .contenedor-lectura {\r\n            max-width: 760px;\r\n            margin: 0 auto;\r\n        }\r\n\r\n        .texto-justificado {\r\n            text-align: justify;\r\n            hyphens: auto;\r\n        }\r\n\r\n        .encabezado-centrado {\r\n            text-align: center;\r\n            margin-bottom: 2.5rem;\r\n        }\r\n\r\n        h2 {\r\n            font-family: 'Playfair Display', serif;\r\n            font-size: 2.2rem;\r\n            color: var(--color-primario);\r\n            line-height: 1.2;\r\n            font-weight: 700;\r\n        }\r\n\r\n        strong {\r\n            color: var(--color-primario);\r\n            font-weight: 600;\r\n        }\r\n\r\n        \/* Estilo para la frase destacada *\/\r\n        .frase-destacada {\r\n            font-family: 'Playfair Display', serif;\r\n            font-size: 1.5rem;\r\n            color: var(--color-acento);\r\n            text-align: center;\r\n            margin: 2.5rem 0;\r\n            line-height: 1.4;\r\n            font-style: italic;\r\n        }\r\n\r\n        \/* --- BOT\u00d3N DE CONTACTO MEJORADO --- *\/\r\n        .btn-contacto-container {\r\n            margin-top: 3.5rem;\r\n            margin-bottom: 4rem;\r\n            text-align: center;\r\n        }\r\n\r\n        .btn-contacto {\r\n            display: inline-block;\r\n            background-color: #3f3f46; \/* Gris zinc oscuro, claramente NO es negro *\/\r\n            color: #ffffff;\r\n            padding: 1.2rem 2.8rem;\r\n            font-family: 'Inter', sans-serif;\r\n            font-weight: 600;\r\n            text-transform: uppercase;\r\n            letter-spacing: 2px;\r\n            font-size: 0.85rem;\r\n            text-decoration: none;\r\n            transition: all 0.4s cubic-bezier(0.4, 0, 0.2, 1); \/* Transici\u00f3n fluida y elegante *\/\r\n            border: 2px solid #3f3f46;\r\n            border-radius: 8px; \/* Bordes redondeados modernos *\/\r\n            box-shadow: 0 4px 6px -1px rgba(0, 0, 0, 0.1), 0 2px 4px -1px rgba(0, 0, 0, 0.06);\r\n        }\r\n\r\n        \/* Efecto hover vibrante y resaltado *\/\r\n        .btn-contacto:hover {\r\n            background-color: var(--color-acento); \/* Cambia al color arena\/bronce *\/\r\n            border-color: var(--color-acento);\r\n            color: #ffffff;\r\n            transform: translateY(-4px); \/* El bot\u00f3n se eleva al pasar el rat\u00f3n *\/\r\n            \/* Sombra coloreada a juego con el acento para que resalte mucho m\u00e1s *\/\r\n            box-shadow: 0 12px 20px -5px rgba(197, 163, 134, 0.5), 0 8px 10px -6px rgba(197, 163, 134, 0.3);\r\n        }\r\n\r\n        \/* Cierre final *\/\r\n        .cierre-final {\r\n            font-family: 'Lora', serif;\r\n            font-size: 1.2rem;\r\n            text-align: center;\r\n            color: #444;\r\n            margin-top: 2rem;\r\n            padding-top: 2rem;\r\n            border-top: 1px solid var(--color-borde);\r\n        }\r\n\r\n    <\/style>\r\n<\/head>\r\n<body class=\"p-6 md:p-16\">\r\n\r\n    <article class=\"contenedor-lectura\">\r\n        \r\n        <section class=\"texto-justificado\">\r\n            <div class=\"encabezado-centrado\">\r\n                <h2>Conclusi\u00f3n: De la culpa a la compasi\u00f3n<\/h2>\r\n            <\/div>\r\n            \r\n            <p class=\"mb-6\">\r\n                Superar la ansiedad por la comida es un proceso de autoconocimiento. Se trata de dejar de ver la comida como un enemigo o como el \u00fanico consuelo posible. Se trata de aprender a habitar nuestro cuerpo y nuestras emociones sin necesidad de anestesiarlas.\r\n            <\/p>\r\n\r\n            <div class=\"frase-destacada\">\r\n                \"Recuerda: tu cuerpo es tu hogar, no un campo de batalla.\"\r\n            <\/div>\r\n\r\n            <p class=\"mb-8\">\r\n                Si sientes que esta relaci\u00f3n con la comida te est\u00e1 robando vida, energ\u00eda y salud mental, pide ayuda. En mi consulta y en mis talleres trabajamos precisamente para que recuperes las riendas, no desde la prohibici\u00f3n, sino desde el cuidado y la neurociencia.\r\n            <\/p>\r\n\r\n            <div class=\"btn-contacto-container\">\r\n                <a href=\"https:\/\/rosamolinapsiquiatra.com\/contacto\" target=\"_blank\" class=\"btn-contacto\">\r\n                    Contactar con la consulta\r\n                <\/a>\r\n            <\/div>\r\n\r\n            <div class=\"cierre-final italic\">\r\n                <p>\r\n                    No eres lo que comes, pero lo que comes (y c\u00f3mo lo comes) dice mucho de c\u00f3mo te sientes. \r\n                    <strong>Vamos a empezar a escuchar ese mensaje.<\/strong>\r\n                <\/p>\r\n            <\/div>\r\n\r\n        <\/section>\r\n\r\n    <\/article>\r\n\r\n<\/body>\r\n<\/html>\t\t\t\t<\/div>\n\t\t\t\t\t<\/div>\n\t\t\t\t<\/div>\n\t\t\t\t<\/div>\n\t\t","protected":false},"excerpt":{"rendered":"<p>&nbsp; Salud Mental \u2022 Divulgaci\u00f3n M\u00e9dica M\u00e1s all\u00e1 de la despensa: Entendiendo la ansiedad por la comida Dra. Rosa Molina Psiquiatra \u2022 Autora \u2022 Divulgadora Es martes por la noche. Has tenido un d\u00eda agotador en el trabajo. Llegas a casa, cenas lo que hab\u00edas planeado y te sientas en el sof\u00e1. De repente, sientes algo en el pecho, una inquietud que no sabes nombrar, y tus pies te llevan autom\u00e1ticamente a la cocina. No tienes hambre f\u00edsica (tu est\u00f3mago est\u00e1 saciado), pero sientes una urgencia incontrolable de comer algo dulce, crujiente o salado. Lo comes r\u00e1pido, casi sin saborear, y al terminar, la inquietud se transforma en culpa.Si esta escena te resulta familiar, no est\u00e1s solo\/a. Lo que acabas de experimentar se llama popularmente ansiedad por la comida, aunque en psiquiatr\u00eda y psicolog\u00eda solemos referirnos a ello como hambre emocional o ingesta emocional.\u00bbLa ansiedad por la comida no es un fallo o una debilidad, es un mecanismo de regulaci\u00f3n emocional desajustado.\u00bb En mi consulta veo con frecuencia c\u00f3mo muchas personas libran una batalla silenciosa contra su propia despensa. A menudo llegan pensando que su problema es la \u00abfalta de fuerza de voluntad\u00bb. Pero empecemos por desmontar este mito: esta conducta es una respuesta de nuestro sistema ante el malestar. En este art\u00edculo vamos a profundizar en qu\u00e9 ocurre en tu cerebro cuando buscas consuelo en la nevera y c\u00f3mo impacta en tu rendimiento cognitivo. &nbsp; \u00bfQu\u00e9 es la ansiedad por la comida? Diferenciando hambre f\u00edsica y emocional Para abordar la ansiedad por la comida, primero debemos entender la diferencia entre la necesidad fisiol\u00f3gica de nutrientes y la necesidad psicol\u00f3gica de alivio. El hambre f\u00edsica aparece de forma gradual, se siente en el est\u00f3mago y se satisface con cualquier alimento (una manzana te vale). El hambre emocional, en cambio, aparece de golpe, es espec\u00edfica (necesitas chocolate ahora), se siente en la garganta o en la mente y, tras la ingesta, genera culpa en lugar de saciedad. La neurociencia del \u00abantojo\u00bb Desde la neuropsiquiatr\u00eda, sabemos que la ansiedad por la comida est\u00e1 \u00edntimamente ligada al sistema de recompensa cerebral. Cuando comemos alimentos hiperpalatables (ricos en az\u00facar y grasa), nuestro cerebro libera dopamina en el N\u00facleo Accumbens. Como explican expertos en neurociencia del comportamiento, como la Dra. Nora Volkow, estos alimentos activan circuitos similares a los de ciertas sustancias adictivas. Si tu cerebro aprende que \u00abcomer galletas = alivio inmediato del estr\u00e9s\u00bb, grabar\u00e1 esa ruta neuronal a fuego. La pr\u00f3xima vez que sientas ansiedad, tu cerebro no te pedir\u00e1 meditar, te pedir\u00e1 az\u00facar. Es una b\u00fasqueda qu\u00edmica de bienestar. &nbsp; \u00bfQu\u00e9 es la ansiedad por la comida? Diferenciando hambre f\u00edsica y emocional Para abordar la ansiedad por la comida, primero debemos entender la diferencia entre la necesidad fisiol\u00f3gica de nutrientes y la necesidad psicol\u00f3gica de alivio. El hambre f\u00edsica aparece de forma gradual, se siente en el est\u00f3mago y se satisface con cualquier alimento (una manzana te vale). El hambre emocional, en cambio, aparece de golpe, es espec\u00edfica (necesitas chocolate ahora), se siente en la garganta o en la mente y, tras la ingesta, genera culpa en lugar de saciedad. Neurociencia del antojo Alimentos hiperpalatables liberan dopamina en el N\u00facleo Accumbens, activando circuitos similares a las adicciones. Si tu cerebro aprende que comer alivia el estr\u00e9s, grabar\u00e1 esa ruta: no te pedir\u00e1 meditar, te pedir\u00e1 az\u00facar. \u2014 Dra. Rosa Molina Entender este proceso biol\u00f3gico es el primer paso para dejar de culpar a nuestra \u00abfalta de voluntad\u00bb y empezar a trabajar en nuestra regulaci\u00f3n emocional. &nbsp; La neurociencia del \u00abantojo\u00bb Hoy sabemos que la ansiedad por la comida est\u00e1 \u00edntimamente ligada al sistema de recompensa cerebral. Cuando comemos alimentos hiperpalatables (ricos en az\u00facar y grasa), nuestro cerebro libera dopamina en el N\u00facleo Accumbens. \u00bfComer o meditar? Si tu cerebro aprende que \u00abcomer galletas = alivio inmediato\u00bb, grabar\u00e1 esa ruta neuronal a fuego. La pr\u00f3xima vez que sientas ansiedad, tu cerebro no te pedir\u00e1 meditar, te pedir\u00e1 az\u00facar. Es una b\u00fasqueda qu\u00edmica de bienestar. \u2014 Dra. Rosa Molina Desde la neurociencia del comportamiento, expertos como la Dra. Nora Volkow (directora del Instituto Nacional sobre el Abuso de Drogas de EE.UU.), relacionan estos alimentos con la activaci\u00f3n de circuitos similares a los de ciertas sustancias adictivas. Este mecanismo explica por qu\u00e9 es tan dif\u00edcil detener el impulso mediante la simple l\u00f3gica: estamos ante una respuesta autom\u00e1tica del sistema de recompensa que busca neutralizar el cortisol (la hormona del estr\u00e9s) de la manera m\u00e1s r\u00e1pida posible. &nbsp; Causas profundas: \u00bfPor qu\u00e9 comemos nuestras emociones? La ansiedad por la comida es el s\u00edntoma, no la enfermedad. Es la punta del iceberg de algo m\u00e1s profundo que ocurre en nuestro mundo interno. Para entenderlo, debemos analizar los tres pilares que suelen sostener esta conducta: 01. Estr\u00e9s 02. Restricci\u00f3n 03. Emociones El Cortisol y el estr\u00e9s cr\u00f3nico Vivimos en una sociedad de la que ya se habla como \u201cinflamada por el estr\u00e9s\u201d. Cuando estamos estresados, liberamos cortisol. Esta hormona tiene una funci\u00f3n evolutiva: prepararnos para la huida o la lucha. Para ello, el cuerpo demanda energ\u00eda r\u00e1pida (glucosa). Por eso, cuando tienes una entrega urgente en el trabajo o ex\u00e1menes finales, no te apetece una ensalada, tu biolog\u00eda te pide carbohidratos. La restricci\u00f3n cognitiva (La cultura de dieta) Parad\u00f3jicamente, una de las mayores causas de la ansiedad por la comida es estar a dieta. La prohibici\u00f3n genera deseo. Numerosos estudios en psicolog\u00eda de la alimentaci\u00f3n muestran que la etiqueta de \u00abalimento prohibido\u00bb aumenta la atenci\u00f3n que le prestamos. Si te proh\u00edbes el pan, acabar\u00e1s d\u00e1ndote un atrac\u00f3n de pan. Es el efecto rebote de la restricci\u00f3n. Analfabetismo emocional A menudo usamos la comida como un \u00abtap\u00f3n\u00bb para las emociones que no sabemos gestionar. Comemos por aburrimiento, por soledad, por tristeza o incluso por euforia. Al no tener herramientas para transitar la emoci\u00f3n (lo que llamamos regulaci\u00f3n emocional), usamos la comida como un ansiol\u00edtico natural y accesible. &nbsp; La epidemia silenciosa en j\u00f3venes y adolescentes Si hay un grupo poblacional donde la ansiedad por la comida y los<\/p>","protected":false},"author":1,"featured_media":4692,"comment_status":"open","ping_status":"open","sticky":false,"template":"","format":"standard","meta":{"_acf_changed":false,"_jetpack_memberships_contains_paid_content":false,"footnotes":""},"categories":[49,51],"tags":[61,59,60,58,56],"class_list":["post-4823","post","type-post","status-publish","format-standard","has-post-thumbnail","hentry","category-divulgacion","category-nutricion-y-salud-mental","tag-alimentacion-consciente","tag-ansiedad-por-la-comida","tag-hambre-emocional","tag-neurociencia","tag-salud-mental"],"acf":[],"yoast_head":"<!-- This site is optimized with the Yoast SEO plugin v27.5 - https:\/\/yoast.com\/product\/yoast-seo-wordpress\/ -->\n<title>Ansiedad por la comida: Causas y soluciones desde la psiquiatr\u00eda - Rosa Molina Psiquiatra<\/title>\n<meta name=\"description\" content=\"\u00bfSufres ansiedad por la comida? La Dra. Rosa Molina analiza las causas neurocient\u00edficas y te da claves para recuperar el control sin dietas.\" \/>\n<meta name=\"robots\" content=\"index, follow, max-snippet:-1, max-image-preview:large, max-video-preview:-1\" \/>\n<link rel=\"canonical\" href=\"https:\/\/rosamolinapsiquiatra.com\/en\/ansiedad-por-la-comida-causas-y-soluciones-desde-la-psiquiatria-2\/\" \/>\n<meta property=\"og:locale\" content=\"en_GB\" \/>\n<meta property=\"og:type\" content=\"article\" \/>\n<meta property=\"og:title\" content=\"Ansiedad por la comida: Causas y soluciones desde la psiquiatr\u00eda - Rosa Molina Psiquiatra\" \/>\n<meta property=\"og:description\" content=\"\u00bfSufres ansiedad por la comida? La Dra. Rosa Molina analiza las causas neurocient\u00edficas y te da claves para recuperar el control sin dietas.\" \/>\n<meta property=\"og:url\" content=\"https:\/\/rosamolinapsiquiatra.com\/en\/ansiedad-por-la-comida-causas-y-soluciones-desde-la-psiquiatria-2\/\" \/>\n<meta property=\"og:site_name\" content=\"Rosa Molina Psiquiatra\" \/>\n<meta property=\"article:published_time\" content=\"2026-03-13T08:00:21+00:00\" \/>\n<meta property=\"article:modified_time\" content=\"2026-03-13T10:08:12+00:00\" \/>\n<meta property=\"og:image\" content=\"https:\/\/rosamolinapsiquiatra.com\/wp-content\/uploads\/2025\/11\/mujer-tratando-de-comer-sano-en-casa-scaled.jpg\" \/>\n\t<meta property=\"og:image:width\" content=\"2560\" \/>\n\t<meta property=\"og:image:height\" content=\"1707\" \/>\n\t<meta property=\"og:image:type\" content=\"image\/jpeg\" \/>\n<meta name=\"author\" content=\"rosamolina\" \/>\n<meta name=\"twitter:card\" content=\"summary_large_image\" \/>\n<meta name=\"twitter:label1\" content=\"Written by\" \/>\n\t<meta name=\"twitter:data1\" content=\"rosamolina\" \/>\n\t<meta name=\"twitter:label2\" content=\"Estimated reading time\" \/>\n\t<meta name=\"twitter:data2\" content=\"10 minutes\" \/>\n<script type=\"application\/ld+json\" class=\"yoast-schema-graph\">{\"@context\":\"https:\\\/\\\/schema.org\",\"@graph\":[{\"@type\":\"Article\",\"@id\":\"https:\\\/\\\/rosamolinapsiquiatra.com\\\/ansiedad-por-la-comida-causas-y-soluciones-desde-la-psiquiatria-2#article\",\"isPartOf\":{\"@id\":\"https:\\\/\\\/rosamolinapsiquiatra.com\\\/ansiedad-por-la-comida-causas-y-soluciones-desde-la-psiquiatria-2\"},\"author\":{\"name\":\"rosamolina\",\"@id\":\"https:\\\/\\\/rosamolinapsiquiatra.com\\\/#\\\/schema\\\/person\\\/7148a10cc5ff323e56b06a35b48ca630\"},\"headline\":\"Ansiedad por la comida: Causas y soluciones desde la psiquiatr\u00eda\",\"datePublished\":\"2026-03-13T08:00:21+00:00\",\"dateModified\":\"2026-03-13T10:08:12+00:00\",\"mainEntityOfPage\":{\"@id\":\"https:\\\/\\\/rosamolinapsiquiatra.com\\\/ansiedad-por-la-comida-causas-y-soluciones-desde-la-psiquiatria-2\"},\"wordCount\":2001,\"commentCount\":0,\"publisher\":{\"@id\":\"https:\\\/\\\/rosamolinapsiquiatra.com\\\/#organization\"},\"image\":{\"@id\":\"https:\\\/\\\/rosamolinapsiquiatra.com\\\/ansiedad-por-la-comida-causas-y-soluciones-desde-la-psiquiatria-2#primaryimage\"},\"thumbnailUrl\":\"https:\\\/\\\/rosamolinapsiquiatra.com\\\/wp-content\\\/uploads\\\/2025\\\/11\\\/mujer-tratando-de-comer-sano-en-casa-scaled.jpg\",\"keywords\":[\"Alimentaci\u00f3n consciente\",\"Ansiedad por la comida\",\"Hambre emocional\",\"Neurociencia\",\"Salud Mental\"],\"articleSection\":[\"Divulgaci\u00f3n\",\"Nutrici\u00f3n y Salud Mental\"],\"inLanguage\":\"en-GB\",\"potentialAction\":[{\"@type\":\"CommentAction\",\"name\":\"Comment\",\"target\":[\"https:\\\/\\\/rosamolinapsiquiatra.com\\\/ansiedad-por-la-comida-causas-y-soluciones-desde-la-psiquiatria-2#respond\"]}]},{\"@type\":\"WebPage\",\"@id\":\"https:\\\/\\\/rosamolinapsiquiatra.com\\\/ansiedad-por-la-comida-causas-y-soluciones-desde-la-psiquiatria-2\",\"url\":\"https:\\\/\\\/rosamolinapsiquiatra.com\\\/ansiedad-por-la-comida-causas-y-soluciones-desde-la-psiquiatria-2\",\"name\":\"Ansiedad por la comida: Causas y soluciones desde la psiquiatr\u00eda - Rosa Molina Psiquiatra\",\"isPartOf\":{\"@id\":\"https:\\\/\\\/rosamolinapsiquiatra.com\\\/#website\"},\"primaryImageOfPage\":{\"@id\":\"https:\\\/\\\/rosamolinapsiquiatra.com\\\/ansiedad-por-la-comida-causas-y-soluciones-desde-la-psiquiatria-2#primaryimage\"},\"image\":{\"@id\":\"https:\\\/\\\/rosamolinapsiquiatra.com\\\/ansiedad-por-la-comida-causas-y-soluciones-desde-la-psiquiatria-2#primaryimage\"},\"thumbnailUrl\":\"https:\\\/\\\/rosamolinapsiquiatra.com\\\/wp-content\\\/uploads\\\/2025\\\/11\\\/mujer-tratando-de-comer-sano-en-casa-scaled.jpg\",\"datePublished\":\"2026-03-13T08:00:21+00:00\",\"dateModified\":\"2026-03-13T10:08:12+00:00\",\"description\":\"\u00bfSufres ansiedad por la comida? La Dra. Rosa Molina analiza las causas neurocient\u00edficas y te da claves para recuperar el control sin dietas.\",\"breadcrumb\":{\"@id\":\"https:\\\/\\\/rosamolinapsiquiatra.com\\\/ansiedad-por-la-comida-causas-y-soluciones-desde-la-psiquiatria-2#breadcrumb\"},\"inLanguage\":\"en-GB\",\"potentialAction\":[{\"@type\":\"ReadAction\",\"target\":[\"https:\\\/\\\/rosamolinapsiquiatra.com\\\/ansiedad-por-la-comida-causas-y-soluciones-desde-la-psiquiatria-2\"]}]},{\"@type\":\"ImageObject\",\"inLanguage\":\"en-GB\",\"@id\":\"https:\\\/\\\/rosamolinapsiquiatra.com\\\/ansiedad-por-la-comida-causas-y-soluciones-desde-la-psiquiatria-2#primaryimage\",\"url\":\"https:\\\/\\\/rosamolinapsiquiatra.com\\\/wp-content\\\/uploads\\\/2025\\\/11\\\/mujer-tratando-de-comer-sano-en-casa-scaled.jpg\",\"contentUrl\":\"https:\\\/\\\/rosamolinapsiquiatra.com\\\/wp-content\\\/uploads\\\/2025\\\/11\\\/mujer-tratando-de-comer-sano-en-casa-scaled.jpg\",\"width\":2560,\"height\":1707,\"caption\":\"ansiedad por la comida\"},{\"@type\":\"BreadcrumbList\",\"@id\":\"https:\\\/\\\/rosamolinapsiquiatra.com\\\/ansiedad-por-la-comida-causas-y-soluciones-desde-la-psiquiatria-2#breadcrumb\",\"itemListElement\":[{\"@type\":\"ListItem\",\"position\":1,\"name\":\"Portada\",\"item\":\"https:\\\/\\\/rosamolinapsiquiatra.com\\\/\"},{\"@type\":\"ListItem\",\"position\":2,\"name\":\"Ansiedad por la comida: Causas y soluciones desde la psiquiatr\u00eda\"}]},{\"@type\":\"WebSite\",\"@id\":\"https:\\\/\\\/rosamolinapsiquiatra.com\\\/#website\",\"url\":\"https:\\\/\\\/rosamolinapsiquiatra.com\\\/\",\"name\":\"Rosa Molina Psiquiatra\",\"description\":\"Rosa Molina- Psiquiatra \",\"publisher\":{\"@id\":\"https:\\\/\\\/rosamolinapsiquiatra.com\\\/#organization\"},\"potentialAction\":[{\"@type\":\"SearchAction\",\"target\":{\"@type\":\"EntryPoint\",\"urlTemplate\":\"https:\\\/\\\/rosamolinapsiquiatra.com\\\/?s={search_term_string}\"},\"query-input\":{\"@type\":\"PropertyValueSpecification\",\"valueRequired\":true,\"valueName\":\"search_term_string\"}}],\"inLanguage\":\"en-GB\"},{\"@type\":\"Organization\",\"@id\":\"https:\\\/\\\/rosamolinapsiquiatra.com\\\/#organization\",\"name\":\"Rosa Molina Psiquiatra\",\"url\":\"https:\\\/\\\/rosamolinapsiquiatra.com\\\/\",\"logo\":{\"@type\":\"ImageObject\",\"inLanguage\":\"en-GB\",\"@id\":\"https:\\\/\\\/rosamolinapsiquiatra.com\\\/#\\\/schema\\\/logo\\\/image\\\/\",\"url\":\"https:\\\/\\\/rosamolinapsiquiatra.com\\\/wp-content\\\/uploads\\\/2022\\\/06\\\/Rojo-Blanco-Bordeado-Marco-Pajarita-Lazo-Padrino-Invitacion-3.png\",\"contentUrl\":\"https:\\\/\\\/rosamolinapsiquiatra.com\\\/wp-content\\\/uploads\\\/2022\\\/06\\\/Rojo-Blanco-Bordeado-Marco-Pajarita-Lazo-Padrino-Invitacion-3.png\",\"width\":1900,\"height\":1200,\"caption\":\"Rosa Molina Psiquiatra\"},\"image\":{\"@id\":\"https:\\\/\\\/rosamolinapsiquiatra.com\\\/#\\\/schema\\\/logo\\\/image\\\/\"}},{\"@type\":\"Person\",\"@id\":\"https:\\\/\\\/rosamolinapsiquiatra.com\\\/#\\\/schema\\\/person\\\/7148a10cc5ff323e56b06a35b48ca630\",\"name\":\"rosamolina\",\"image\":{\"@type\":\"ImageObject\",\"inLanguage\":\"en-GB\",\"@id\":\"https:\\\/\\\/secure.gravatar.com\\\/avatar\\\/c8da7cd5da8659eb6d4085fd3303fc1ed472e2e39760c3ac47726cfa6616459d?s=96&d=mm&r=g\",\"url\":\"https:\\\/\\\/secure.gravatar.com\\\/avatar\\\/c8da7cd5da8659eb6d4085fd3303fc1ed472e2e39760c3ac47726cfa6616459d?s=96&d=mm&r=g\",\"contentUrl\":\"https:\\\/\\\/secure.gravatar.com\\\/avatar\\\/c8da7cd5da8659eb6d4085fd3303fc1ed472e2e39760c3ac47726cfa6616459d?s=96&d=mm&r=g\",\"caption\":\"rosamolina\"},\"sameAs\":[\"https:\\\/\\\/rosamolinapsiquiatra.com\"],\"url\":\"https:\\\/\\\/rosamolinapsiquiatra.com\\\/en\\\/author\\\/rosamolina\"}]}<\/script>\n<!-- \/ Yoast SEO plugin. -->","yoast_head_json":{"title":"Ansiedad por la comida: Causas y soluciones desde la psiquiatr\u00eda - Rosa Molina Psiquiatra","description":"\u00bfSufres ansiedad por la comida? La Dra. Rosa Molina analiza las causas neurocient\u00edficas y te da claves para recuperar el control sin dietas.","robots":{"index":"index","follow":"follow","max-snippet":"max-snippet:-1","max-image-preview":"max-image-preview:large","max-video-preview":"max-video-preview:-1"},"canonical":"https:\/\/rosamolinapsiquiatra.com\/en\/ansiedad-por-la-comida-causas-y-soluciones-desde-la-psiquiatria-2\/","og_locale":"en_GB","og_type":"article","og_title":"Ansiedad por la comida: Causas y soluciones desde la psiquiatr\u00eda - Rosa Molina Psiquiatra","og_description":"\u00bfSufres ansiedad por la comida? La Dra. Rosa Molina analiza las causas neurocient\u00edficas y te da claves para recuperar el control sin dietas.","og_url":"https:\/\/rosamolinapsiquiatra.com\/en\/ansiedad-por-la-comida-causas-y-soluciones-desde-la-psiquiatria-2\/","og_site_name":"Rosa Molina Psiquiatra","article_published_time":"2026-03-13T08:00:21+00:00","article_modified_time":"2026-03-13T10:08:12+00:00","og_image":[{"width":2560,"height":1707,"url":"https:\/\/rosamolinapsiquiatra.com\/wp-content\/uploads\/2025\/11\/mujer-tratando-de-comer-sano-en-casa-scaled.jpg","type":"image\/jpeg"}],"author":"rosamolina","twitter_card":"summary_large_image","twitter_misc":{"Written by":"rosamolina","Estimated reading time":"10 minutes"},"schema":{"@context":"https:\/\/schema.org","@graph":[{"@type":"Article","@id":"https:\/\/rosamolinapsiquiatra.com\/ansiedad-por-la-comida-causas-y-soluciones-desde-la-psiquiatria-2#article","isPartOf":{"@id":"https:\/\/rosamolinapsiquiatra.com\/ansiedad-por-la-comida-causas-y-soluciones-desde-la-psiquiatria-2"},"author":{"name":"rosamolina","@id":"https:\/\/rosamolinapsiquiatra.com\/#\/schema\/person\/7148a10cc5ff323e56b06a35b48ca630"},"headline":"Ansiedad por la comida: Causas y soluciones desde la psiquiatr\u00eda","datePublished":"2026-03-13T08:00:21+00:00","dateModified":"2026-03-13T10:08:12+00:00","mainEntityOfPage":{"@id":"https:\/\/rosamolinapsiquiatra.com\/ansiedad-por-la-comida-causas-y-soluciones-desde-la-psiquiatria-2"},"wordCount":2001,"commentCount":0,"publisher":{"@id":"https:\/\/rosamolinapsiquiatra.com\/#organization"},"image":{"@id":"https:\/\/rosamolinapsiquiatra.com\/ansiedad-por-la-comida-causas-y-soluciones-desde-la-psiquiatria-2#primaryimage"},"thumbnailUrl":"https:\/\/rosamolinapsiquiatra.com\/wp-content\/uploads\/2025\/11\/mujer-tratando-de-comer-sano-en-casa-scaled.jpg","keywords":["Alimentaci\u00f3n consciente","Ansiedad por la comida","Hambre emocional","Neurociencia","Salud Mental"],"articleSection":["Divulgaci\u00f3n","Nutrici\u00f3n y Salud Mental"],"inLanguage":"en-GB","potentialAction":[{"@type":"CommentAction","name":"Comment","target":["https:\/\/rosamolinapsiquiatra.com\/ansiedad-por-la-comida-causas-y-soluciones-desde-la-psiquiatria-2#respond"]}]},{"@type":"WebPage","@id":"https:\/\/rosamolinapsiquiatra.com\/ansiedad-por-la-comida-causas-y-soluciones-desde-la-psiquiatria-2","url":"https:\/\/rosamolinapsiquiatra.com\/ansiedad-por-la-comida-causas-y-soluciones-desde-la-psiquiatria-2","name":"Ansiedad por la comida: Causas y soluciones desde la psiquiatr\u00eda - Rosa Molina Psiquiatra","isPartOf":{"@id":"https:\/\/rosamolinapsiquiatra.com\/#website"},"primaryImageOfPage":{"@id":"https:\/\/rosamolinapsiquiatra.com\/ansiedad-por-la-comida-causas-y-soluciones-desde-la-psiquiatria-2#primaryimage"},"image":{"@id":"https:\/\/rosamolinapsiquiatra.com\/ansiedad-por-la-comida-causas-y-soluciones-desde-la-psiquiatria-2#primaryimage"},"thumbnailUrl":"https:\/\/rosamolinapsiquiatra.com\/wp-content\/uploads\/2025\/11\/mujer-tratando-de-comer-sano-en-casa-scaled.jpg","datePublished":"2026-03-13T08:00:21+00:00","dateModified":"2026-03-13T10:08:12+00:00","description":"\u00bfSufres ansiedad por la comida? La Dra. Rosa Molina analiza las causas neurocient\u00edficas y te da claves para recuperar el control sin dietas.","breadcrumb":{"@id":"https:\/\/rosamolinapsiquiatra.com\/ansiedad-por-la-comida-causas-y-soluciones-desde-la-psiquiatria-2#breadcrumb"},"inLanguage":"en-GB","potentialAction":[{"@type":"ReadAction","target":["https:\/\/rosamolinapsiquiatra.com\/ansiedad-por-la-comida-causas-y-soluciones-desde-la-psiquiatria-2"]}]},{"@type":"ImageObject","inLanguage":"en-GB","@id":"https:\/\/rosamolinapsiquiatra.com\/ansiedad-por-la-comida-causas-y-soluciones-desde-la-psiquiatria-2#primaryimage","url":"https:\/\/rosamolinapsiquiatra.com\/wp-content\/uploads\/2025\/11\/mujer-tratando-de-comer-sano-en-casa-scaled.jpg","contentUrl":"https:\/\/rosamolinapsiquiatra.com\/wp-content\/uploads\/2025\/11\/mujer-tratando-de-comer-sano-en-casa-scaled.jpg","width":2560,"height":1707,"caption":"ansiedad por la comida"},{"@type":"BreadcrumbList","@id":"https:\/\/rosamolinapsiquiatra.com\/ansiedad-por-la-comida-causas-y-soluciones-desde-la-psiquiatria-2#breadcrumb","itemListElement":[{"@type":"ListItem","position":1,"name":"Portada","item":"https:\/\/rosamolinapsiquiatra.com\/"},{"@type":"ListItem","position":2,"name":"Ansiedad por la comida: Causas y soluciones desde la psiquiatr\u00eda"}]},{"@type":"WebSite","@id":"https:\/\/rosamolinapsiquiatra.com\/#website","url":"https:\/\/rosamolinapsiquiatra.com\/","name":"Rosa Molina Psiquiatra","description":"Rosa Molina - Psychiatrist","publisher":{"@id":"https:\/\/rosamolinapsiquiatra.com\/#organization"},"potentialAction":[{"@type":"SearchAction","target":{"@type":"EntryPoint","urlTemplate":"https:\/\/rosamolinapsiquiatra.com\/?s={search_term_string}"},"query-input":{"@type":"PropertyValueSpecification","valueRequired":true,"valueName":"search_term_string"}}],"inLanguage":"en-GB"},{"@type":"Organization","@id":"https:\/\/rosamolinapsiquiatra.com\/#organization","name":"Rosa Molina Psiquiatra","url":"https:\/\/rosamolinapsiquiatra.com\/","logo":{"@type":"ImageObject","inLanguage":"en-GB","@id":"https:\/\/rosamolinapsiquiatra.com\/#\/schema\/logo\/image\/","url":"https:\/\/rosamolinapsiquiatra.com\/wp-content\/uploads\/2022\/06\/Rojo-Blanco-Bordeado-Marco-Pajarita-Lazo-Padrino-Invitacion-3.png","contentUrl":"https:\/\/rosamolinapsiquiatra.com\/wp-content\/uploads\/2022\/06\/Rojo-Blanco-Bordeado-Marco-Pajarita-Lazo-Padrino-Invitacion-3.png","width":1900,"height":1200,"caption":"Rosa Molina Psiquiatra"},"image":{"@id":"https:\/\/rosamolinapsiquiatra.com\/#\/schema\/logo\/image\/"}},{"@type":"Person","@id":"https:\/\/rosamolinapsiquiatra.com\/#\/schema\/person\/7148a10cc5ff323e56b06a35b48ca630","name":"rosamolina","image":{"@type":"ImageObject","inLanguage":"en-GB","@id":"https:\/\/secure.gravatar.com\/avatar\/c8da7cd5da8659eb6d4085fd3303fc1ed472e2e39760c3ac47726cfa6616459d?s=96&d=mm&r=g","url":"https:\/\/secure.gravatar.com\/avatar\/c8da7cd5da8659eb6d4085fd3303fc1ed472e2e39760c3ac47726cfa6616459d?s=96&d=mm&r=g","contentUrl":"https:\/\/secure.gravatar.com\/avatar\/c8da7cd5da8659eb6d4085fd3303fc1ed472e2e39760c3ac47726cfa6616459d?s=96&d=mm&r=g","caption":"rosamolina"},"sameAs":["https:\/\/rosamolinapsiquiatra.com"],"url":"https:\/\/rosamolinapsiquiatra.com\/en\/author\/rosamolina"}]}},"jetpack_featured_media_url":"https:\/\/rosamolinapsiquiatra.com\/wp-content\/uploads\/2025\/11\/mujer-tratando-de-comer-sano-en-casa-scaled.jpg","jetpack_sharing_enabled":true,"_links":{"self":[{"href":"https:\/\/rosamolinapsiquiatra.com\/en\/wp-json\/wp\/v2\/posts\/4823","targetHints":{"allow":["GET"]}}],"collection":[{"href":"https:\/\/rosamolinapsiquiatra.com\/en\/wp-json\/wp\/v2\/posts"}],"about":[{"href":"https:\/\/rosamolinapsiquiatra.com\/en\/wp-json\/wp\/v2\/types\/post"}],"author":[{"embeddable":true,"href":"https:\/\/rosamolinapsiquiatra.com\/en\/wp-json\/wp\/v2\/users\/1"}],"replies":[{"embeddable":true,"href":"https:\/\/rosamolinapsiquiatra.com\/en\/wp-json\/wp\/v2\/comments?post=4823"}],"version-history":[{"count":59,"href":"https:\/\/rosamolinapsiquiatra.com\/en\/wp-json\/wp\/v2\/posts\/4823\/revisions"}],"predecessor-version":[{"id":4910,"href":"https:\/\/rosamolinapsiquiatra.com\/en\/wp-json\/wp\/v2\/posts\/4823\/revisions\/4910"}],"wp:featuredmedia":[{"embeddable":true,"href":"https:\/\/rosamolinapsiquiatra.com\/en\/wp-json\/wp\/v2\/media\/4692"}],"wp:attachment":[{"href":"https:\/\/rosamolinapsiquiatra.com\/en\/wp-json\/wp\/v2\/media?parent=4823"}],"wp:term":[{"taxonomy":"category","embeddable":true,"href":"https:\/\/rosamolinapsiquiatra.com\/en\/wp-json\/wp\/v2\/categories?post=4823"},{"taxonomy":"post_tag","embeddable":true,"href":"https:\/\/rosamolinapsiquiatra.com\/en\/wp-json\/wp\/v2\/tags?post=4823"}],"curies":[{"name":"wp","href":"https:\/\/api.w.org\/{rel}","templated":true}]}}